{"id":3590,"date":"2026-03-05T07:53:02","date_gmt":"2026-03-05T06:53:02","guid":{"rendered":"https:\/\/sueca13flores.com\/?p=3590"},"modified":"2026-03-05T07:53:04","modified_gmt":"2026-03-05T06:53:04","slug":"bouquet-doeillets-et-de-lisianthus-gloria-fuertes-un-cadeau-special-pour-la-journee-de-la-femme-a-valence","status":"publish","type":"post","link":"https:\/\/sueca13flores.com\/fr\/bouquet-doeillets-et-de-lisianthus-gloria-fuertes-un-cadeau-special-pour-la-journee-de-la-femme-a-valence\/","title":{"rendered":"Bouquet d'\u0153illets et de lisianthus \u00abGloria Fuertes\u00bb : un cadeau sp\u00e9cial pour la Journ\u00e9e de la femme \u00e0 Valence"},"content":{"rendered":"<p>Le <strong>Journ\u00e9e internationale de la femme<\/strong> est une date pour reconna\u00eetre, remercier et c\u00e9l\u00e9brer les femmes qui font partie de nos vies. Si vous \u00eates \u00e0 la recherche d'un d\u00e9tail \u00e9l\u00e9gant, \u00e9motionnel et significatif pour surprendre quelqu'un de sp\u00e9cial \u00e0 Valence, la <strong>Bouquet d'\u0153illets et de lisianthus \u00abGloria Fuertes\u00bb.\u00bb<\/strong> est un choix parfait.<\/p>\n\n\n\n<p>Chez le fleuriste <strong>Sueca 13<\/strong>, situ\u00e9 \u00e0 Valence, nous avons con\u00e7u ce bouquet avec des fleurs fra\u00eeches et harmonieuses pour transmettre l'affection, l'admiration et le respect lors d'une occasion aussi importante.<\/p>\n\n\n\n<p>Si vous souhaitez envoyer des fleurs \u00e0 Valence depuis n'importe o\u00f9 dans le monde, vous pouvez d\u00e9couvrir cet arrangement ici :<br><a href=\"https:\/\/sueca13flores.com\/fr\/produit\/bouquet-de-roses-et-de-lisianthus-gloria-fuertes\/\">https:\/\/sueca13flores.com\/producto\/ramo-de-rosas-y-lisianthus-gloria-fuertes\/<\/a><\/p>\n\n\n\n<h2 class=\"wp-block-heading\">Un bouquet \u00e9l\u00e9gant inspir\u00e9 par la sensibilit\u00e9 et la beaut\u00e9<\/h2>\n\n\n\n<p>Le <strong>Bouquet d'\u0153illets et de lisianthus \u00abGloria Fuertes\u00bb.\u00bb<\/strong> La d\u00e9licate combinaison de fleurs est synonyme d'\u00e9l\u00e9gance et de sensibilit\u00e9.<\/p>\n\n\n\n<p>Les \u0153illets sont des fleurs profond\u00e9ment li\u00e9es \u00e0 la tradition m\u00e9diterran\u00e9enne et symbolisent l'admiration, la gratitude et l'affection. Le lisianthus, quant \u00e0 lui, apporte une touche raffin\u00e9e et romantique gr\u00e2ce \u00e0 la douceur de ses p\u00e9tales et \u00e0 son aspect sophistiqu\u00e9.<\/p>\n\n\n\n<p>La combinaison de ces deux fleurs cr\u00e9e un bouquet \u00e9quilibr\u00e9, lumineux et vivant, id\u00e9al pour exprimer des \u00e9motions sinc\u00e8res \u00e0 l'occasion de la Journ\u00e9e de la Femme.<\/p>\n\n\n\n<h2 class=\"wp-block-heading\">Le cadeau id\u00e9al pour la Journ\u00e9e de la femme<\/h2>\n\n\n\n<p>La Journ\u00e9e de la femme est l'occasion de rappeler aux m\u00e8res, partenaires, amies, s\u0153urs, coll\u00e8gues ou enseignantes \u00e0 quel point elles sont importantes.<\/p>\n\n\n\n<p>Offrir des fleurs \u00e0 cette date est un geste qui traduit la reconnaissance et l'affection de mani\u00e8re naturelle et \u00e9l\u00e9gante. Les fleurs <strong>Bouquet \u00abGloria Fuertes\u00bb<\/strong> est particuli\u00e8rement adapt\u00e9 pour :<\/p>\n\n\n\n<ul class=\"wp-block-list\">\n<li>Surprenez votre m\u00e8re ou votre grand-m\u00e8re<\/li>\n\n\n\n<li>F\u00e9licitez votre partenaire ou votre conjoint<\/li>\n\n\n\n<li>Remercier un ami sp\u00e9cial<\/li>\n\n\n\n<li>Reconna\u00eetre un coll\u00e8gue<\/li>\n\n\n\n<li>Envoyer un cadeau significatif \u00e0 un membre de la famille<\/li>\n<\/ul>\n\n\n\n<p>Ce bouquet fait de chaque journ\u00e9e de la femme un moment inoubliable.<\/p>\n\n\n\n<h2 class=\"wp-block-heading\">Envoyer des fleurs \u00e0 Valence depuis n'importe quel pays<\/h2>\n\n\n\n<p>De nombreuses personnes vivent loin de Valence mais souhaitent envoyer un cadeau \u00e0 une personne ch\u00e8re qui y habite. A l'adresse <strong>Sueca 13<\/strong> Nous vous facilitons la t\u00e2che gr\u00e2ce \u00e0 notre service de commande en ligne.<\/p>\n\n\n\n<p>Nos clients commandent dans de nombreux pays, notamment<\/p>\n\n\n\n<ul class=\"wp-block-list\">\n<li>Colombie et autres pays d'Am\u00e9rique latine<\/li>\n\n\n\n<li>\u00c9tats-Unis<\/li>\n\n\n\n<li>Allemagne<\/li>\n\n\n\n<li>Les Pays-Bas<\/li>\n\n\n\n<li>Su\u00e8de<\/li>\n\n\n\n<li>Danemark<\/li>\n\n\n\n<li>Portugal<\/li>\n\n\n\n<li>Autres pays europ\u00e9ens<\/li>\n<\/ul>\n\n\n\n<p>Si vous avez de la famille, des amis ou un partenaire \u00e0 Valence, vous pouvez facilement envoyer des fleurs depuis n'importe o\u00f9 dans le monde. Notre \u00e9quipe pr\u00e9pare chaque bouquet avec soin et le livre directement au destinataire.<\/p>\n\n\n\n<h2 class=\"wp-block-heading\">Livraison directe de fleurs fra\u00eeches \u00e0 Valence<\/h2>\n\n\n\n<p>Lorsque vous passez votre commande sur <strong>Sueca 13<\/strong>, Notre \u00e9quipe florale pr\u00e9pare le bouquet avec des fleurs fra\u00eeches soigneusement s\u00e9lectionn\u00e9es.<\/p>\n\n\n\n<p>Nous livrons ensuite directement \u00e0 Valence pour que la personne qui re\u00e7oit le cadeau puisse profiter d'un bouquet fra\u00eechement pr\u00e9par\u00e9, avec toute sa beaut\u00e9 et son parfum.<\/p>\n\n\n\n<p>Ce service est id\u00e9al si vous souhaitez surprendre quelqu'un m\u00eame si vous vous trouvez dans un autre pays ou une autre ville.<\/p>\n\n\n\n<h2 class=\"wp-block-heading\">Une boutique de fleuriste internationale au c\u0153ur de Valence<\/h2>\n\n\n\n<p>Au <strong>Sueca 13<\/strong> Nous savons que beaucoup de nos clients vivent en dehors de l'Espagne. C'est pourquoi notre boutique en ligne est pr\u00eate \u00e0 traiter les commandes de clients internationaux.<\/p>\n\n\n\n<p>Les personnes vivant en Europe, aux \u00c9tats-Unis ou en Am\u00e9rique latine utilisent notre service pour envoyer des fleurs \u00e0 leur famille, leur partenaire ou leurs amis \u00e0 Valence.<\/p>\n\n\n\n<p>Notre objectif est que la distance ne soit pas un obstacle pour faire un beau geste lors d'un rendez-vous sp\u00e9cial.<\/p>\n\n\n\n<h2 class=\"wp-block-heading\">Comment commander le bouquet \u00abGloria Fuertes\u00bb.\u00bb<\/h2>\n\n\n\n<p>Commander est tr\u00e8s facile. Il suffit de visiter la page du produit, de s\u00e9lectionner le bouquet et de compl\u00e9ter la commande en ligne. Notre \u00e9quipe pr\u00e9parera l'arrangement floral et le livrera \u00e0 Valence.<\/p>\n\n\n\n<p>D\u00e9couvrez le bouquet et passez votre commande ici :<\/p>\n\n\n\n<figure class=\"wp-block-embed is-type-wp-embed is-provider-florister-a-sueca-13 wp-block-embed-florister-a-sueca-13\"><div class=\"wp-block-embed__wrapper\">\n<blockquote class=\"wp-embedded-content\" data-secret=\"RqhTwy8Jtf\"><a href=\"https:\/\/sueca13flores.com\/fr\/produit\/bouquet-de-roses-et-de-lisianthus-gloria-fuertes\/\">Bouquet d'\u0153illets et de lisianthus \u201cGloria Fuertes\u201d.\u201d<\/a><\/blockquote><iframe loading=\"lazy\" class=\"wp-embedded-content\" sandbox=\"allow-scripts\" security=\"restricted\" style=\"position: absolute; visibility: hidden;\" title=\"\u201cGloria Fuertes\u201c Bouquet d&#039;\u0153illets et de lisianthus - Florister\u00eda Sueca 13\" src=\"https:\/\/sueca13flores.com\/producto\/ramo-de-rosas-y-lisianthus-gloria-fuertes\/embed\/#?secret=0WYtindypX#?secret=RqhTwy8Jtf\" data-secret=\"RqhTwy8Jtf\" width=\"600\" height=\"338\" frameborder=\"0\" marginwidth=\"0\" marginheight=\"0\" scrolling=\"no\"><\/iframe>\n<\/div><\/figure>\n\n\n\n<p>Le <strong>Bouquet d'\u0153illets et de lisianthus \u00abGloria Fuertes\u00bb.\u00bb<\/strong> est une fa\u00e7on \u00e9l\u00e9gante et touchante de c\u00e9l\u00e9brer la Journ\u00e9e de la femme. Un geste simple qui peut transmettre l'admiration, l'affection et la gratitude \u00e0 une personne qui m\u00e9rite de se sentir sp\u00e9ciale.<\/p>","protected":false},"excerpt":{"rendered":"<p>La Journ\u00e9e internationale de la femme est l'occasion de reconna\u00eetre, de remercier et de c\u00e9l\u00e9brer les femmes qui font partie de notre vie. Si vous cherchez un cadeau \u00e9l\u00e9gant, \u00e9mouvant et significatif pour surprendre quelqu'un de sp\u00e9cial \u00e0 Valence, le bouquet d'\u0153illets et de lisianthus \u00abGloria Fuertes\u00bb est un choix parfait. Dans la boutique du fleuriste ... <a title=\"Bouquet d&#039;\u0153illets et de lisianthus \u00abGloria Fuertes\u00bb : un cadeau sp\u00e9cial pour la Journ\u00e9e de la femme \u00e0 Valence\" class=\"read-more\" href=\"https:\/\/sueca13flores.com\/fr\/bouquet-doeillets-et-de-lisianthus-gloria-fuertes-un-cadeau-special-pour-la-journee-de-la-femme-a-valence\/\" aria-label=\"En savoir plus sur Bouquet d&#039;\u0153illets et de Lisianthus \u00abGloria Fuertes\u00bb : un cadeau sp\u00e9cial pour la Journ\u00e9e de la Femme \u00e0 Valence\">Lire la suite<\/a><\/p>","protected":false},"author":3,"featured_media":3592,"comment_status":"closed","ping_status":"open","sticky":false,"template":"","format":"standard","meta":{"footnotes":""},"categories":[89],"tags":[],"class_list":["post-3590","post","type-post","status-publish","format-standard","has-post-thumbnail","hentry","category-blog"],"_links":{"self":[{"href":"https:\/\/sueca13flores.com\/fr\/wp-json\/wp\/v2\/posts\/3590","targetHints":{"allow":["GET"]}}],"collection":[{"href":"https:\/\/sueca13flores.com\/fr\/wp-json\/wp\/v2\/posts"}],"about":[{"href":"https:\/\/sueca13flores.com\/fr\/wp-json\/wp\/v2\/types\/post"}],"author":[{"embeddable":true,"href":"https:\/\/sueca13flores.com\/fr\/wp-json\/wp\/v2\/users\/3"}],"replies":[{"embeddable":true,"href":"https:\/\/sueca13flores.com\/fr\/wp-json\/wp\/v2\/comments?post=3590"}],"version-history":[{"count":1,"href":"https:\/\/sueca13flores.com\/fr\/wp-json\/wp\/v2\/posts\/3590\/revisions"}],"predecessor-version":[{"id":3593,"href":"https:\/\/sueca13flores.com\/fr\/wp-json\/wp\/v2\/posts\/3590\/revisions\/3593"}],"wp:featuredmedia":[{"embeddable":true,"href":"https:\/\/sueca13flores.com\/fr\/wp-json\/wp\/v2\/media\/3592"}],"wp:attachment":[{"href":"https:\/\/sueca13flores.com\/fr\/wp-json\/wp\/v2\/media?parent=3590"}],"wp:term":[{"taxonomy":"category","embeddable":true,"href":"https:\/\/sueca13flores.com\/fr\/wp-json\/wp\/v2\/categories?post=3590"},{"taxonomy":"post_tag","embeddable":true,"href":"https:\/\/sueca13flores.com\/fr\/wp-json\/wp\/v2\/tags?post=3590"}],"curies":[{"name":"wp","href":"https:\/\/api.w.org\/{rel}","templated":true}]}}