{"id":3590,"date":"2026-03-05T07:53:02","date_gmt":"2026-03-05T06:53:02","guid":{"rendered":"https:\/\/sueca13flores.com\/?p=3590"},"modified":"2026-03-05T07:53:04","modified_gmt":"2026-03-05T06:53:04","slug":"ramo-de-cravos-e-lisianthus-gloria-fuertes-um-presente-especial-para-o-dia-da-mulher-em-valencia","status":"publish","type":"post","link":"https:\/\/sueca13flores.com\/pt\/ramo-de-cravos-e-lisianthus-gloria-fuertes-um-presente-especial-para-o-dia-da-mulher-em-valencia\/","title":{"rendered":"Ramo de cravos e lisianthus \u00abGloria Fuertes\u00bb: um presente especial para o Dia da Mulher em Val\u00eancia"},"content":{"rendered":"<p class=\"wp-block-paragraph\">O <strong>Dia Internacional da Mulher<\/strong> \u00c9 uma data para homenagear, agradecer e celebrar as mulheres que fazem parte da nossa vida. Se procuras um presente elegante, comovente e cheio de significado para surpreender algu\u00e9m especial em Val\u00eancia, o <strong>Ramo de cravos e lisianthus \u00abGloria Fuertes\u00bb<\/strong> \u00e9 uma escolha perfeita.<\/p>\n\n\n\n<p class=\"wp-block-paragraph\">Na floricultura <strong>Sueca 13<\/strong>, situada em Val\u00eancia, cri\u00e1mos este ramo com flores frescas e harmoniosas para transmitir carinho, admira\u00e7\u00e3o e respeito numa ocasi\u00e3o t\u00e3o importante.<\/p>\n\n\n\n<p class=\"wp-block-paragraph\">Se quiseres enviar flores para Val\u00eancia a partir de qualquer lugar do mundo, podes descobrir este arranjo aqui:<br><a href=\"https:\/\/sueca13flores.com\/pt\/product-2\/ramo-de-rosas-y-lisianthus-gloria-fuertes\/\">https:\/\/sueca13flores.com\/producto\/ramo-de-rosas-y-lisianthus-gloria-fuertes\/<\/a><\/p>\n\n\n\n<h2 class=\"wp-block-heading\">Um ramo elegante inspirado na sensibilidade e na beleza<\/h2>\n\n\n\n<p class=\"wp-block-paragraph\">O <strong>Ramo de cravos e lisianthus \u00abGloria Fuertes\u00bb<\/strong> destaca-se pela sua delicada combina\u00e7\u00e3o de flores que transmitem eleg\u00e2ncia e sensibilidade.<\/p>\n\n\n\n<p class=\"wp-block-paragraph\">Os cravos s\u00e3o flores profundamente ligadas \u00e0 tradi\u00e7\u00e3o mediterr\u00e2nica e simbolizam admira\u00e7\u00e3o, gratid\u00e3o e afeto. O lisianthus, por sua vez, confere um toque requintado e rom\u00e2ntico gra\u00e7as aos seus p\u00e9talas suaves e ao seu aspeto sofisticado.<\/p>\n\n\n\n<p class=\"wp-block-paragraph\">A combina\u00e7\u00e3o destas duas flores cria um ramo equilibrado, luminoso e cheio de vida, ideal para expressar emo\u00e7\u00f5es sinceras no Dia da Mulher.<\/p>\n\n\n\n<h2 class=\"wp-block-heading\">O presente perfeito para o Dia da Mulher<\/h2>\n\n\n\n<p class=\"wp-block-paragraph\">O Dia da Mulher \u00e9 uma oportunidade para lembrar \u00e0s m\u00e3es, parceiras, amigas, irm\u00e3s, colegas ou professoras o quanto s\u00e3o importantes.<\/p>\n\n\n\n<p class=\"wp-block-paragraph\">Oferecer flores nesta data \u00e9 um gesto que transmite reconhecimento e carinho de uma forma natural e elegante. O <strong>Ramo \u00abGloria Fuertes\u00bb<\/strong> \u00e9 especialmente adequado para:<\/p>\n\n\n\n<ul class=\"wp-block-list\">\n<li>Surpreender a tua m\u00e3e ou av\u00f3<\/li>\n\n\n\n<li>Parabenizar o teu parceiro ou a tua esposa<\/li>\n\n\n\n<li>Agradecer a uma amiga especial<\/li>\n\n\n\n<li>Homenagear uma colega de trabalho<\/li>\n\n\n\n<li>Enviar um presente especial a uma familiar<\/li>\n<\/ul>\n\n\n\n<p class=\"wp-block-paragraph\">Este ramo transforma qualquer momento do Dia da Mulher numa recorda\u00e7\u00e3o inesquec\u00edvel.<\/p>\n\n\n\n<h2 class=\"wp-block-heading\">Envie flores para Val\u00eancia a partir de qualquer pa\u00eds<\/h2>\n\n\n\n<p class=\"wp-block-paragraph\">Muitas pessoas vivem longe de Val\u00eancia, mas querem enviar um presente a algu\u00e9m especial que l\u00e1 vive. Em <strong>Sueca 13<\/strong> Facilitamos este processo gra\u00e7as ao nosso servi\u00e7o de encomendas online.<\/p>\n\n\n\n<p class=\"wp-block-paragraph\">Os nossos clientes fazem encomendas a partir de v\u00e1rios pa\u00edses, entre os quais:<\/p>\n\n\n\n<ul class=\"wp-block-list\">\n<li>Col\u00f4mbia e outros pa\u00edses da Am\u00e9rica Latina<\/li>\n\n\n\n<li>Estados Unidos<\/li>\n\n\n\n<li>Alemanha<\/li>\n\n\n\n<li>Pa\u00edses Baixos<\/li>\n\n\n\n<li>Su\u00e9cia<\/li>\n\n\n\n<li>Dinamarca<\/li>\n\n\n\n<li>Portugal<\/li>\n\n\n\n<li>Outros pa\u00edses europeus<\/li>\n<\/ul>\n\n\n\n<p class=\"wp-block-paragraph\">Se tens fam\u00edlia, amigos ou um parceiro em Val\u00eancia, podes enviar flores facilmente a partir de qualquer parte do mundo. A nossa equipa prepara cada ramo com cuidado e entrega-o diretamente ao destinat\u00e1rio.<\/p>\n\n\n\n<h2 class=\"wp-block-heading\">Entrega direta em Val\u00eancia com flores frescas<\/h2>\n\n\n\n<p class=\"wp-block-paragraph\">Quando fazes a tua encomenda em <strong>Sueca 13<\/strong>, a nossa equipa de floristas prepara o ramo com flores frescas cuidadosamente selecionadas.<\/p>\n\n\n\n<p class=\"wp-block-paragraph\">Em seguida, efetuamos a entrega diretamente em Val\u00eancia, para que a pessoa que recebe o presente possa desfrutar de um ramo acabado de preparar, com toda a sua beleza e fragr\u00e2ncia.<\/p>\n\n\n\n<p class=\"wp-block-paragraph\">Este servi\u00e7o \u00e9 ideal se quiseres fazer uma surpresa a algu\u00e9m, mesmo que estejas noutro pa\u00eds ou noutra cidade.<\/p>\n\n\n\n<h2 class=\"wp-block-heading\">Uma florista internacional no cora\u00e7\u00e3o de Val\u00eancia<\/h2>\n\n\n\n<p class=\"wp-block-paragraph\">Em <strong>Sueca 13<\/strong> Sabemos que muitos dos nossos clientes vivem fora de Espanha. Por isso, a nossa loja online est\u00e1 preparada para atender encomendas de clientes internacionais.<\/p>\n\n\n\n<p class=\"wp-block-paragraph\">As pessoas que vivem na Europa, nos Estados Unidos ou na Am\u00e9rica Latina utilizam o nosso servi\u00e7o para enviar flores a familiares, parceiros ou amigos que se encontram em Val\u00eancia.<\/p>\n\n\n\n<p class=\"wp-block-paragraph\">O nosso objetivo \u00e9 que a dist\u00e2ncia n\u00e3o seja um obst\u00e1culo para fazer um gesto simp\u00e1tico numa data especial.<\/p>\n\n\n\n<h2 class=\"wp-block-heading\">Como encomendar o ramo \u00abGloria Fuertes\u00bb<\/h2>\n\n\n\n<p class=\"wp-block-paragraph\">Fazer a sua encomenda \u00e9 muito simples. Basta visitar a p\u00e1gina do produto, selecionar o ramo e concluir a encomenda online. A nossa equipa encarregar-se-\u00e1 de preparar o arranjo floral e de o entregar em Val\u00eancia.<\/p>\n\n\n\n<p class=\"wp-block-paragraph\">Descubra o ramo e fa\u00e7a a sua encomenda aqui:<\/p>\n\n\n\n<figure class=\"wp-block-embed is-type-wp-embed is-provider-florister-a-sueca-13 wp-block-embed-florister-a-sueca-13\"><div class=\"wp-block-embed__wrapper\">\n<blockquote class=\"wp-embedded-content\" data-secret=\"RqhTwy8Jtf\"><a href=\"https:\/\/sueca13flores.com\/pt\/product-2\/ramo-de-rosas-y-lisianthus-gloria-fuertes\/\">Ramo de cravos e lisianthus \u201cGloria Fuertes\u201d<\/a><\/blockquote><iframe loading=\"lazy\" class=\"wp-embedded-content\" sandbox=\"allow-scripts\" security=\"restricted\" style=\"position: absolute; visibility: hidden;\" title=\"\u201cRamo de cravos e lisianthus \u201cGloria Fuertes\u201d\u201d \u2014 Florista Sueca 13\" src=\"https:\/\/sueca13flores.com\/producto\/ramo-de-rosas-y-lisianthus-gloria-fuertes\/embed\/#?secret=0WYtindypX#?secret=RqhTwy8Jtf\" data-secret=\"RqhTwy8Jtf\" width=\"600\" height=\"338\" frameborder=\"0\" marginwidth=\"0\" marginheight=\"0\" scrolling=\"no\"><\/iframe>\n<\/div><\/figure>\n\n\n\n<p class=\"wp-block-paragraph\">O <strong>Ramo de cravos e lisianthus \u00abGloria Fuertes\u00bb<\/strong> \u00c9 uma forma elegante e comovente de celebrar o Dia da Mulher. Um gesto simples que pode transmitir admira\u00e7\u00e3o, carinho e gratid\u00e3o a algu\u00e9m que merece sentir-se especial.<\/p>","protected":false},"excerpt":{"rendered":"<p>O Dia Internacional da Mulher \u00e9 uma data para reconhecer, agradecer e celebrar as mulheres que fazem parte da nossa vida. Se procura um presente elegante, comovente e cheio de significado para surpreender algu\u00e9m especial em Val\u00eancia, o ramo de cravos e lisianthus \u00abGloria Fuertes\u00bb \u00e9 a escolha perfeita. Na florista \u2026 <a title=\"Ramo de cravos e lisianthus \u00abGloria Fuertes\u00bb: um presente especial para o Dia da Mulher em Val\u00eancia\" class=\"read-more\" href=\"https:\/\/sueca13flores.com\/pt\/ramo-de-cravos-e-lisianthus-gloria-fuertes-um-presente-especial-para-o-dia-da-mulher-em-valencia\/\" aria-label=\"Leia mais sobre Ramo de Claveles y Lisianthus \u00abGloria Fuertes\u00bb: un regalo especial para el D\u00eda de la Mujer en Valencia\">Leia mais<\/a><\/p>","protected":false},"author":3,"featured_media":3592,"comment_status":"closed","ping_status":"open","sticky":false,"template":"","format":"standard","meta":{"footnotes":""},"categories":[89],"tags":[],"class_list":["post-3590","post","type-post","status-publish","format-standard","has-post-thumbnail","hentry","category-blog"],"_links":{"self":[{"href":"https:\/\/sueca13flores.com\/pt\/wp-json\/wp\/v2\/posts\/3590","targetHints":{"allow":["GET"]}}],"collection":[{"href":"https:\/\/sueca13flores.com\/pt\/wp-json\/wp\/v2\/posts"}],"about":[{"href":"https:\/\/sueca13flores.com\/pt\/wp-json\/wp\/v2\/types\/post"}],"author":[{"embeddable":true,"href":"https:\/\/sueca13flores.com\/pt\/wp-json\/wp\/v2\/users\/3"}],"replies":[{"embeddable":true,"href":"https:\/\/sueca13flores.com\/pt\/wp-json\/wp\/v2\/comments?post=3590"}],"version-history":[{"count":1,"href":"https:\/\/sueca13flores.com\/pt\/wp-json\/wp\/v2\/posts\/3590\/revisions"}],"predecessor-version":[{"id":3593,"href":"https:\/\/sueca13flores.com\/pt\/wp-json\/wp\/v2\/posts\/3590\/revisions\/3593"}],"wp:featuredmedia":[{"embeddable":true,"href":"https:\/\/sueca13flores.com\/pt\/wp-json\/wp\/v2\/media\/3592"}],"wp:attachment":[{"href":"https:\/\/sueca13flores.com\/pt\/wp-json\/wp\/v2\/media?parent=3590"}],"wp:term":[{"taxonomy":"category","embeddable":true,"href":"https:\/\/sueca13flores.com\/pt\/wp-json\/wp\/v2\/categories?post=3590"},{"taxonomy":"post_tag","embeddable":true,"href":"https:\/\/sueca13flores.com\/pt\/wp-json\/wp\/v2\/tags?post=3590"}],"curies":[{"name":"wp","href":"https:\/\/api.w.org\/{rel}","templated":true}]}}