{"id":3596,"date":"2026-03-06T12:04:52","date_gmt":"2026-03-06T11:04:52","guid":{"rendered":"https:\/\/sueca13flores.com\/?p=3596"},"modified":"2026-03-06T12:04:54","modified_gmt":"2026-03-06T11:04:54","slug":"ofereca-flores-no-dia-da-mulher-em-valencia-o-ramo-la-dolceta-com-o-elegante-vaso-alto-de-vidro-milkjar","status":"publish","type":"post","link":"https:\/\/sueca13flores.com\/pt\/ofereca-flores-no-dia-da-mulher-em-valencia-o-ramo-la-dolceta-com-o-elegante-vaso-alto-de-vidro-milkjar\/","title":{"rendered":"Ofere\u00e7a flores no Dia da Mulher em Val\u00eancia: o ramo \u00abLa Dol\u00e7eta\u00bb com o elegante vaso alto de vidro Milkjar"},"content":{"rendered":"<p class=\"wp-block-paragraph\">O <strong>Dia da Mulher<\/strong> \u00c9 uma ocasi\u00e3o perfeita para reconhecer, agradecer e homenagear as mulheres que fazem parte da nossa vida. Um gesto simples, mas cheio de significado, \u00e9 enviar flores. Se tens algu\u00e9m especial em Val\u00eancia \u2014 uma m\u00e3e, namorada, amiga, colega ou familiar \u2014, podes surpreend\u00ea-la facilmente a partir de qualquer parte do mundo com uma entrega ao domic\u00edlio.<\/p>\n\n\n\n<p class=\"wp-block-paragraph\">Em <strong>Sueca 13 Flores<\/strong>, a tua florista online em Val\u00eancia, prepar\u00e1mos uma combina\u00e7\u00e3o elegante e delicada: o <strong>Ramo \u00abLa Dol\u00e7eta\u00bb<\/strong> acompanhado pelo <strong>Vaso alto de vidro Milkjar<\/strong>. Um presente ideal para transmitir carinho, respeito e admira\u00e7\u00e3o numa data t\u00e3o especial.<\/p>\n\n\n\n<h2 class=\"wp-block-heading\">Um presente especial para o Dia da Mulher<\/h2>\n\n\n\n<p class=\"wp-block-paragraph\">O Dia Internacional da Mulher \u00e9 uma celebra\u00e7\u00e3o mundial. Muitas pessoas que vivem no estrangeiro desejam enviar um presente significativo a algu\u00e9m em Val\u00eancia. Seja a partir de <strong>Col\u00f4mbia, Estados Unidos, Alemanha, Pa\u00edses Baixos, Su\u00e9cia, Dinamarca, Portugal ou outros pa\u00edses da Europa e da Am\u00e9rica Latina<\/strong>, hoje \u00e9 mais f\u00e1cil do que nunca faz\u00ea-lo, gra\u00e7as \u00e0 nossa loja online.<\/p>\n\n\n\n<p class=\"wp-block-paragraph\">Com apenas alguns cliques, podes escolher o ramo perfeito e n\u00f3s encarregamo-nos de o preparar com flores frescas e de o entregar diretamente \u00e0 pessoa que desejas surpreender.<\/p>\n\n\n\n<p class=\"wp-block-paragraph\">O <strong>Ramo \u00abLa Dol\u00e7eta\u00bb<\/strong> \u00c9 uma op\u00e7\u00e3o especialmente concebida para esta data: delicada, alegre e cheia de personalidade.<\/p>\n\n\n\n<h2 class=\"wp-block-heading\">Buqu\u00ea \u00abLa Dol\u00e7eta\u00bb: do\u00e7ura e eleg\u00e2ncia em cada flor<\/h2>\n\n\n\n<p class=\"wp-block-paragraph\">O <strong>Ramo La Dol\u00e7eta<\/strong> destaca-se pelo seu estilo fresco e feminino. \u00c9 um arranjo floral que transmite ternura e beleza natural, ideal para expressar gratid\u00e3o e admira\u00e7\u00e3o.<\/p>\n\n\n\n<p class=\"wp-block-paragraph\">Entre as suas caracter\u00edsticas, destacam-se:<\/p>\n\n\n\n<ul class=\"wp-block-list\">\n<li>Flores frescas cuidadosamente selecionadas<\/li>\n\n\n\n<li>Uma composi\u00e7\u00e3o harmoniosa e luminosa<\/li>\n\n\n\n<li>Estilo elegante e moderno<\/li>\n\n\n\n<li>Ideal para oferecer no Dia da Mulher<\/li>\n<\/ul>\n\n\n\n<p class=\"wp-block-paragraph\">Este ramo \u00e9 ideal para surpreender algu\u00e9m em casa, no trabalho ou em qualquer lugar de Val\u00eancia. A entrega ao domic\u00edlio transforma o momento de receber as flores numa experi\u00eancia inesquec\u00edvel.<\/p>\n\n\n\n<p class=\"wp-block-paragraph\">Se quiseres ver mais detalhes ou fazer a tua encomenda, podes visitar a p\u00e1gina do produto:<\/p>\n\n\n\n<figure class=\"wp-block-embed is-type-wp-embed is-provider-florister-a-sueca-13 wp-block-embed-florister-a-sueca-13\"><div class=\"wp-block-embed__wrapper\">\n<blockquote class=\"wp-embedded-content\" data-secret=\"MxModmYwjk\"><a href=\"https:\/\/sueca13flores.com\/pt\/product-2\/ramo-da-dolceta\/\">Ramo La Dol\u00e7eta<\/a><\/blockquote><iframe loading=\"lazy\" class=\"wp-embedded-content\" sandbox=\"allow-scripts\" security=\"restricted\" style=\"position: absolute; visibility: hidden;\" title=\"\u201cRamo La Dol\u00e7eta\u201d \u2014 Florista Sueca 13\" src=\"https:\/\/sueca13flores.com\/producto\/ramo-la-dolceta\/embed\/#?secret=pBOdhGjwUS#?secret=MxModmYwjk\" data-secret=\"MxModmYwjk\" width=\"600\" height=\"338\" frameborder=\"0\" marginwidth=\"0\" marginheight=\"0\" scrolling=\"no\"><\/iframe>\n<\/div><\/figure>\n\n\n\n<h2 class=\"wp-block-heading\">Vaso alto de vidro Milkjar: o complemento perfeito<\/h2>\n\n\n\n<p class=\"wp-block-paragraph\">Para que o presente seja ainda mais especial, podes acompanhar o ramo com o <strong>Vaso alto de vidro Milkjar<\/strong>. Este vaso elegante e minimalista permite que as flores se mostrem em todo o seu esplendor.<\/p>\n\n\n\n<p class=\"wp-block-paragraph\">As suas vantagens incluem:<\/p>\n\n\n\n<ul class=\"wp-block-list\">\n<li>Design moderno e sofisticado<\/li>\n\n\n\n<li>Vidro transparente de alta qualidade<\/li>\n\n\n\n<li>Altura ideal para ramos de flores<\/li>\n\n\n\n<li>Ideal para decorar qualquer espa\u00e7o da casa<\/li>\n<\/ul>\n\n\n\n<p class=\"wp-block-paragraph\">Ao adicionar este vaso \u00e0 encomenda, a pessoa que receber o ramo poder\u00e1 colocar as flores imediatamente e desfrutar da sua beleza durante mais tempo.<\/p>\n\n\n\n<p class=\"wp-block-paragraph\">Podes descobrir este produto aqui:<\/p>\n\n\n\n<figure class=\"wp-block-embed is-type-wp-embed is-provider-florister-a-sueca-13 wp-block-embed-florister-a-sueca-13\"><div class=\"wp-block-embed__wrapper\">\n<blockquote class=\"wp-embedded-content\" data-secret=\"aNb96Ufax2\"><a href=\"https:\/\/sueca13flores.com\/pt\/product-2\/jarron-alto-cristal-milkjar\/\">Vaso alto de vidro Milkjar<\/a><\/blockquote><iframe loading=\"lazy\" class=\"wp-embedded-content\" sandbox=\"allow-scripts\" security=\"restricted\" style=\"position: absolute; visibility: hidden;\" title=\"\u201cVaso alto de cristal Milkjar\u201d \u2014 Floristeria Sueca 13\" src=\"https:\/\/sueca13flores.com\/producto\/jarron-alto-cristal-milkjar\/embed\/#?secret=ChtOviC5vH#?secret=aNb96Ufax2\" data-secret=\"aNb96Ufax2\" width=\"600\" height=\"338\" frameborder=\"0\" marginwidth=\"0\" marginheight=\"0\" scrolling=\"no\"><\/iframe>\n<\/div><\/figure>\n\n\n\n<h2 class=\"wp-block-heading\">Envie flores para Val\u00eancia a partir de qualquer pa\u00eds<\/h2>\n\n\n\n<p class=\"wp-block-paragraph\">Muitas pessoas que vivem fora de Espanha procuram uma forma fi\u00e1vel de enviar flores para Val\u00eancia. Na Sueca 13 Flores, facilitamos este processo com uma loja online simples e um servi\u00e7o profissional de florista.<\/p>\n\n\n\n<p class=\"wp-block-paragraph\">Os nossos clientes costumam fazer encomendas a partir de:<\/p>\n\n\n\n<ul class=\"wp-block-list\">\n<li>Col\u00f4mbia e outros pa\u00edses da Am\u00e9rica Latina<\/li>\n\n\n\n<li>Estados Unidos<\/li>\n\n\n\n<li>Alemanha e Pa\u00edses Baixos<\/li>\n\n\n\n<li>Su\u00e9cia, Dinamarca e outros pa\u00edses n\u00f3rdicos<\/li>\n\n\n\n<li>Portugal e v\u00e1rios pa\u00edses europeus<\/li>\n<\/ul>\n\n\n\n<p class=\"wp-block-paragraph\">Se tens fam\u00edlia, amigos ou entes queridos em Val\u00eancia, podes enviar-lhes flores por ocasi\u00e3o do Dia da Mulher, mesmo que estejas a milhares de quil\u00f3metros de dist\u00e2ncia.<\/p>\n\n\n\n<h2 class=\"wp-block-heading\">Entrega de flores ao domic\u00edlio em Val\u00eancia<\/h2>\n\n\n\n<p class=\"wp-block-paragraph\">Na Sueca 13 Flores, encarregamo-nos de todo o processo:<\/p>\n\n\n\n<ul class=\"wp-block-list\">\n<li>Prepara\u00e7\u00e3o artesanal de cada ramo<\/li>\n\n\n\n<li>Sele\u00e7\u00e3o de flores frescas<\/li>\n\n\n\n<li>Apresenta\u00e7\u00e3o elegante<\/li>\n\n\n\n<li>Entrega direta em Val\u00eancia<\/li>\n<\/ul>\n\n\n\n<p class=\"wp-block-paragraph\">O resultado \u00e9 um presente que chega em perfeitas condi\u00e7\u00f5es e que proporciona um momento especial a quem o recebe.<\/p>\n\n\n\n<h2 class=\"wp-block-heading\">Um pormenor que nunca se esquece<\/h2>\n\n\n\n<p class=\"wp-block-paragraph\">Um ramo de flores n\u00e3o \u00e9 apenas um presente. \u00c9 uma forma de dizer \u201cobrigado\u201d, \u201cadmiro-te\u201d ou \u201cestou a pensar em ti\u201d. No Dia da Mulher, este gesto ganha um significado ainda mais profundo.<\/p>\n\n\n\n<p class=\"wp-block-paragraph\">O <strong>Ramo La Dol\u00e7eta<\/strong> em conjunto com o <strong>Vaso alto de vidro Milkjar<\/strong> \u00c9 a escolha perfeita para surpreender algu\u00e9m especial em Val\u00eancia.<\/p>\n\n\n\n<p class=\"wp-block-paragraph\">Se quiseres enviar este presente ainda hoje, visita as p\u00e1ginas dos produtos e faz a tua encomenda online:<\/p>\n\n\n\n<figure class=\"wp-block-embed is-type-wp-embed is-provider-florister-a-sueca-13 wp-block-embed-florister-a-sueca-13\"><div class=\"wp-block-embed__wrapper\">\n<blockquote class=\"wp-embedded-content\" data-secret=\"MxModmYwjk\"><a href=\"https:\/\/sueca13flores.com\/pt\/product-2\/ramo-da-dolceta\/\">Ramo La Dol\u00e7eta<\/a><\/blockquote><iframe loading=\"lazy\" class=\"wp-embedded-content\" sandbox=\"allow-scripts\" security=\"restricted\" style=\"position: absolute; visibility: hidden;\" title=\"\u201cRamo La Dol\u00e7eta\u201d \u2014 Florista Sueca 13\" src=\"https:\/\/sueca13flores.com\/producto\/ramo-la-dolceta\/embed\/#?secret=pBOdhGjwUS#?secret=MxModmYwjk\" data-secret=\"MxModmYwjk\" width=\"600\" height=\"338\" frameborder=\"0\" marginwidth=\"0\" marginheight=\"0\" scrolling=\"no\"><\/iframe>\n<\/div><\/figure>\n\n\n\n<figure class=\"wp-block-embed is-type-wp-embed is-provider-florister-a-sueca-13 wp-block-embed-florister-a-sueca-13\"><div class=\"wp-block-embed__wrapper\">\n<blockquote class=\"wp-embedded-content\" data-secret=\"aNb96Ufax2\"><a href=\"https:\/\/sueca13flores.com\/pt\/product-2\/jarron-alto-cristal-milkjar\/\">Vaso alto de vidro Milkjar<\/a><\/blockquote><iframe loading=\"lazy\" class=\"wp-embedded-content\" sandbox=\"allow-scripts\" security=\"restricted\" style=\"position: absolute; visibility: hidden;\" title=\"\u201cVaso alto de cristal Milkjar\u201d \u2014 Floristeria Sueca 13\" src=\"https:\/\/sueca13flores.com\/producto\/jarron-alto-cristal-milkjar\/embed\/#?secret=ChtOviC5vH#?secret=aNb96Ufax2\" data-secret=\"aNb96Ufax2\" width=\"600\" height=\"338\" frameborder=\"0\" marginwidth=\"0\" marginheight=\"0\" scrolling=\"no\"><\/iframe>\n<\/div><\/figure>\n\n\n\n<p class=\"wp-block-paragraph\">Na Sueca 13 Flores, teremos todo o prazer em ajud\u00e1-lo a celebrar o Dia da Mulher com flores frescas, elegantes e repletas de significado.<\/p>","protected":false},"excerpt":{"rendered":"<p>O Dia da Mulher \u00e9 a ocasi\u00e3o perfeita para reconhecer, agradecer e celebrar as mulheres que fazem parte da nossa vida. Um gesto simples, mas cheio de significado, \u00e9 enviar flores. Se tem algu\u00e9m especial em Val\u00eancia \u2014 uma m\u00e3e, namorada, amiga, colega ou familiar \u2014 pode surpreend\u00ea-la facilmente a partir de qualquer parte do mundo \u2026 <a title=\"Ofere\u00e7a flores no Dia da Mulher em Val\u00eancia: o ramo \u00abLa Dol\u00e7eta\u00bb com o elegante vaso alto de vidro Milkjar\" class=\"read-more\" href=\"https:\/\/sueca13flores.com\/pt\/ofereca-flores-no-dia-da-mulher-em-valencia-o-ramo-la-dolceta-com-o-elegante-vaso-alto-de-vidro-milkjar\/\" aria-label=\"Leia mais sobre Regala flores en el D\u00eda de la Mujer en Valencia: Ramo \u00abLa Dol\u00e7eta\u00bb con el elegante Jarr\u00f3n Alto Cristal Milkjar\">Leia mais<\/a><\/p>","protected":false},"author":3,"featured_media":3598,"comment_status":"closed","ping_status":"open","sticky":false,"template":"","format":"standard","meta":{"footnotes":""},"categories":[89],"tags":[],"class_list":["post-3596","post","type-post","status-publish","format-standard","has-post-thumbnail","hentry","category-blog"],"_links":{"self":[{"href":"https:\/\/sueca13flores.com\/pt\/wp-json\/wp\/v2\/posts\/3596","targetHints":{"allow":["GET"]}}],"collection":[{"href":"https:\/\/sueca13flores.com\/pt\/wp-json\/wp\/v2\/posts"}],"about":[{"href":"https:\/\/sueca13flores.com\/pt\/wp-json\/wp\/v2\/types\/post"}],"author":[{"embeddable":true,"href":"https:\/\/sueca13flores.com\/pt\/wp-json\/wp\/v2\/users\/3"}],"replies":[{"embeddable":true,"href":"https:\/\/sueca13flores.com\/pt\/wp-json\/wp\/v2\/comments?post=3596"}],"version-history":[{"count":1,"href":"https:\/\/sueca13flores.com\/pt\/wp-json\/wp\/v2\/posts\/3596\/revisions"}],"predecessor-version":[{"id":3599,"href":"https:\/\/sueca13flores.com\/pt\/wp-json\/wp\/v2\/posts\/3596\/revisions\/3599"}],"wp:featuredmedia":[{"embeddable":true,"href":"https:\/\/sueca13flores.com\/pt\/wp-json\/wp\/v2\/media\/3598"}],"wp:attachment":[{"href":"https:\/\/sueca13flores.com\/pt\/wp-json\/wp\/v2\/media?parent=3596"}],"wp:term":[{"taxonomy":"category","embeddable":true,"href":"https:\/\/sueca13flores.com\/pt\/wp-json\/wp\/v2\/categories?post=3596"},{"taxonomy":"post_tag","embeddable":true,"href":"https:\/\/sueca13flores.com\/pt\/wp-json\/wp\/v2\/tags?post=3596"}],"curies":[{"name":"wp","href":"https:\/\/api.w.org\/{rel}","templated":true}]}}