{"id":3738,"date":"2026-04-21T08:59:45","date_gmt":"2026-04-21T06:59:45","guid":{"rendered":"https:\/\/sueca13flores.com\/?p=3738"},"modified":"2026-04-21T08:59:46","modified_gmt":"2026-04-21T06:59:46","slug":"ramo-de-tres-rosas-de-sao-jorge-o-presente-perfeito-para-oferecer-em-valencia-vindo-de-qualquer-parte-do-mundo","status":"publish","type":"post","link":"https:\/\/sueca13flores.com\/pt\/ramo-de-tres-rosas-de-sao-jorge-o-presente-perfeito-para-oferecer-em-valencia-vindo-de-qualquer-parte-do-mundo\/","title":{"rendered":"Ramo de Tr\u00eas Rosas de Sant Jordi: o presente perfeito para oferecer em Val\u00eancia, a partir de qualquer parte do mundo"},"content":{"rendered":"<h2 class=\"wp-block-heading\">Comemore o Sant Jordi com um gesto que ultrapassa fronteiras<\/h2>\n\n\n\n<p class=\"wp-block-paragraph\">O <strong>Ramo de Tr\u00eas Rosas de Sant Jordi<\/strong> \u00c9 muito mais do que um arranjo floral: \u00e9 uma demonstra\u00e7\u00e3o de carinho, tradi\u00e7\u00e3o e eleg\u00e2ncia. Todos os dias 23 de abril, Val\u00eancia enche-se de significado gra\u00e7as \u00e0 celebra\u00e7\u00e3o de Sant Jordi, uma data ideal para surpreender algu\u00e9m especial com flores que falam por si mesmas.<\/p>\n\n\n\n<p class=\"wp-block-paragraph\">Em <strong>Sueca 13 Flores<\/strong>, facilitamos-te o envio deste presente, estejas onde estiveres. Seja a partir de Espanha, da Col\u00f4mbia, dos Estados Unidos, da Alemanha ou de qualquer pa\u00eds da Europa ou da Am\u00e9rica Latina, podes enviar um presente inesquec\u00edvel diretamente \u00e0 porta dessa pessoa especial em Val\u00eancia.<\/p>\n\n\n\n<h2 class=\"wp-block-heading\">Por que oferecer tr\u00eas rosas no dia de Sant Jordi?<\/h2>\n\n\n\n<p class=\"wp-block-paragraph\">O n\u00famero tr\u00eas simboliza equil\u00edbrio, harmonia e compromisso. Este ramo combina:<\/p>\n\n\n\n<ul class=\"wp-block-list\">\n<li>A intensidade emocional da rosa vermelha<\/li>\n\n\n\n<li>A eleg\u00e2ncia de um design cuidado e moderno<\/li>\n\n\n\n<li>O simbolismo de uma tradi\u00e7\u00e3o profundamente enraizada<\/li>\n<\/ul>\n\n\n\n<p class=\"wp-block-paragraph\">Oferecer tr\u00eas rosas no dia de Sant Jordi \u00e9 uma forma sofisticada de expressar amor, admira\u00e7\u00e3o ou gratid\u00e3o, sem necessidade de palavras.<\/p>\n\n\n\n<h2 class=\"wp-block-heading\">Envio de flores para Val\u00eancia a partir do estrangeiro<\/h2>\n\n\n\n<p class=\"wp-block-paragraph\">Um dos maiores desafios no envio de presentes para o estrangeiro \u00e9 a log\u00edstica. Na Sueca 13, tratamos disso por si:<\/p>\n\n\n\n<ul class=\"wp-block-list\">\n<li>Entrega direta em Val\u00eancia no pr\u00f3prio dia ou na data escolhida<\/li>\n\n\n\n<li>Processo de compra simples e totalmente online<\/li>\n\n\n\n<li>Atendimento em v\u00e1rias l\u00ednguas para clientes internacionais<\/li>\n\n\n\n<li>Pagamento seguro a partir de qualquer pa\u00eds<\/li>\n<\/ul>\n\n\n\n<p class=\"wp-block-paragraph\">Se estiveres na Col\u00f4mbia, nos Estados Unidos, nos Pa\u00edses Baixos, na Alemanha, na Su\u00e9cia, na Dinamarca ou em Portugal, podes comprar com total confian\u00e7a e garantir que o teu presente chega a tempo e em perfeitas condi\u00e7\u00f5es.<\/p>\n\n\n\n<h2 class=\"wp-block-heading\">Um presente ideal para surpreender \u00e0 dist\u00e2ncia<\/h2>\n\n\n\n<p class=\"wp-block-paragraph\">Este ramo \u00e9 perfeito se quiseres:<\/p>\n\n\n\n<ul class=\"wp-block-list\">\n<li>Surpreender o teu parceiro em Val\u00eancia<\/li>\n\n\n\n<li>Enviar um presente rom\u00e2ntico a partir de outro pa\u00eds<\/li>\n\n\n\n<li>Comemorar uma data especial como o Dia de Sant Jordi<\/li>\n\n\n\n<li>Manter o contacto com familiares ou amigos que vivem na cidade<\/li>\n<\/ul>\n\n\n\n<p class=\"wp-block-paragraph\">A dist\u00e2ncia deixa de ser um obst\u00e1culo quando se pode transmitir emo\u00e7\u00f5es atrav\u00e9s de flores.<\/p>\n\n\n\n<h2 class=\"wp-block-heading\">Qualidade artesanal e design exclusivo<\/h2>\n\n\n\n<p class=\"wp-block-paragraph\">Na Sueca 13, trabalhamos cada ramo de forma artesanal, selecionando rosas frescas de alta qualidade. O resultado \u00e9 um arranjo equilibrado, elegante e pronto para causar uma impress\u00e3o duradoura.<\/p>\n\n\n\n<p class=\"wp-block-paragraph\">Cada encomenda \u00e9 preparada com aten\u00e7\u00e3o aos detalhes, garantindo que o destinat\u00e1rio receba um produto que reflete cuidado e dedica\u00e7\u00e3o.<\/p>\n\n\n\n<h2 class=\"wp-block-heading\">Compre online o Ramo de Tr\u00eas Rosas de Sant Jordi<\/h2>\n\n\n\n<p class=\"wp-block-paragraph\">Fa\u00e7a a sua encomenda agora e garanta a entrega nesta data t\u00e3o especial. Este produto tem muita procura durante o Sant Jordi, pelo que se recomenda que fa\u00e7a a sua reserva com anteced\u00eancia.<\/p>\n\n\n\n<p class=\"wp-block-paragraph\">Aceda diretamente \u00e0 p\u00e1gina do produto e efetue a sua compra em poucos passos:<\/p>\n\n\n\n<figure class=\"wp-block-embed is-type-wp-embed is-provider-florister-a-sueca-13 wp-block-embed-florister-a-sueca-13\"><div class=\"wp-block-embed__wrapper\">\n<blockquote class=\"wp-embedded-content\" data-secret=\"jWieNfY8jb\"><a href=\"https:\/\/sueca13flores.com\/pt\/product-2\/ramillete-de-tres-rosas-sant-jordi\/\">Ramo de Tr\u00eas Rosas de Sant Jordi<\/a><\/blockquote><iframe loading=\"lazy\" class=\"wp-embedded-content\" sandbox=\"allow-scripts\" security=\"restricted\" style=\"position: absolute; visibility: hidden;\" title=\"\u201cRamos de Tr\u00eas Rosas de Sant Jordi\u201d \u2014 Florista Sueca 13\" src=\"https:\/\/sueca13flores.com\/producto\/ramillete-de-tres-rosas-sant-jordi\/embed\/#?secret=tf3vGD8vHh#?secret=jWieNfY8jb\" data-secret=\"jWieNfY8jb\" width=\"600\" height=\"338\" frameborder=\"0\" marginwidth=\"0\" marginheight=\"0\" scrolling=\"no\"><\/iframe>\n<\/div><\/figure>\n\n\n\n<h2 class=\"wp-block-heading\">Conecte-se com Val\u00eancia atrav\u00e9s das flores<\/h2>\n\n\n\n<p class=\"wp-block-paragraph\">N\u00e3o importa em que parte do mundo te encontres. Com a Sueca 13, podes fazer parte da celebra\u00e7\u00e3o de Sant Jordi em Val\u00eancia e emocionar algu\u00e9m especial com um gesto cl\u00e1ssico, elegante e significativo.<\/p>\n\n\n\n<p class=\"wp-block-paragraph\">O Ramo de Tr\u00eas Rosas de Sant Jordi \u00e9 a escolha perfeita para oferecer amor, proximidade e tradi\u00e7\u00e3o, mesmo a milhares de quil\u00f3metros de dist\u00e2ncia.<\/p>","protected":false},"excerpt":{"rendered":"<p>Comemore o Sant Jordi com um gesto que ultrapassa fronteiras. O Ramo de Tr\u00eas Rosas do Sant Jordi \u00e9 muito mais do que um arranjo floral: \u00e9 uma declara\u00e7\u00e3o de carinho, tradi\u00e7\u00e3o e eleg\u00e2ncia. Todos os dias 23 de abril, Val\u00eancia ganha um significado especial gra\u00e7as \u00e0 celebra\u00e7\u00e3o de Sant Jordi, uma data ideal para surpreender algu\u00e9m especial\u2026 <a title=\"Ramo de Tr\u00eas Rosas de Sant Jordi: o presente perfeito para oferecer em Val\u00eancia, a partir de qualquer parte do mundo\" class=\"read-more\" href=\"https:\/\/sueca13flores.com\/pt\/ramo-de-tres-rosas-de-sao-jorge-o-presente-perfeito-para-oferecer-em-valencia-vindo-de-qualquer-parte-do-mundo\/\" aria-label=\"Leia mais sobre Ramillete de Tres Rosas Sant Jordi: el detalle perfecto para regalar en Valencia desde cualquier parte del mundo\">Leia mais<\/a><\/p>","protected":false},"author":3,"featured_media":3739,"comment_status":"closed","ping_status":"open","sticky":false,"template":"","format":"standard","meta":{"footnotes":""},"categories":[89],"tags":[],"class_list":["post-3738","post","type-post","status-publish","format-standard","has-post-thumbnail","hentry","category-blog"],"_links":{"self":[{"href":"https:\/\/sueca13flores.com\/pt\/wp-json\/wp\/v2\/posts\/3738","targetHints":{"allow":["GET"]}}],"collection":[{"href":"https:\/\/sueca13flores.com\/pt\/wp-json\/wp\/v2\/posts"}],"about":[{"href":"https:\/\/sueca13flores.com\/pt\/wp-json\/wp\/v2\/types\/post"}],"author":[{"embeddable":true,"href":"https:\/\/sueca13flores.com\/pt\/wp-json\/wp\/v2\/users\/3"}],"replies":[{"embeddable":true,"href":"https:\/\/sueca13flores.com\/pt\/wp-json\/wp\/v2\/comments?post=3738"}],"version-history":[{"count":1,"href":"https:\/\/sueca13flores.com\/pt\/wp-json\/wp\/v2\/posts\/3738\/revisions"}],"predecessor-version":[{"id":3740,"href":"https:\/\/sueca13flores.com\/pt\/wp-json\/wp\/v2\/posts\/3738\/revisions\/3740"}],"wp:featuredmedia":[{"embeddable":true,"href":"https:\/\/sueca13flores.com\/pt\/wp-json\/wp\/v2\/media\/3739"}],"wp:attachment":[{"href":"https:\/\/sueca13flores.com\/pt\/wp-json\/wp\/v2\/media?parent=3738"}],"wp:term":[{"taxonomy":"category","embeddable":true,"href":"https:\/\/sueca13flores.com\/pt\/wp-json\/wp\/v2\/categories?post=3738"},{"taxonomy":"post_tag","embeddable":true,"href":"https:\/\/sueca13flores.com\/pt\/wp-json\/wp\/v2\/tags?post=3738"}],"curies":[{"name":"wp","href":"https:\/\/api.w.org\/{rel}","templated":true}]}}