{"id":3581,"date":"2026-03-02T17:04:54","date_gmt":"2026-03-02T16:04:54","guid":{"rendered":"https:\/\/sueca13flores.com\/?p=3581"},"modified":"2026-03-02T17:04:56","modified_gmt":"2026-03-02T16:04:56","slug":"blombukett-lat-dig-bli-overraskad-liten-storlek-den-perfekta-presenten-for-kvinnodagen-i-valencia","status":"publish","type":"post","link":"https:\/\/sueca13flores.com\/sv\/blombukett-lat-dig-bli-overraskad-liten-storlek-den-perfekta-presenten-for-kvinnodagen-i-valencia\/","title":{"rendered":"Blombukett \u00abD\u00e9jate Sorprender\u00bb Liten storlek: Den perfekta presenten f\u00f6r kvinnodagen i Valencia"},"content":{"rendered":"<p>Den <strong>Internationella kvinnodagen<\/strong>, som firas den 8 mars varje \u00e5r, \u00e4r ett datum d\u00e5 vi uppm\u00e4rksammar styrkan, engagemanget och inspirationen hos kvinnorna i v\u00e5ra liv. Om du \u00e4r l\u00e5ngt borta fr\u00e5n Valencia men vill \u00f6verraska n\u00e5gon speciell i staden, kan <strong>Blombukett \"D\u00e9jate Sorprender\" liten storlek<\/strong> Sueca 13 \u00e4r det perfekta valet.<\/p>\n\n\n\n<p>Den h\u00e4r buketten \u00e4r utformad f\u00f6r att ber\u00f6ra, imponera och f\u00f6rmedla tillgivenhet p\u00e5 ett elegant och naturligt s\u00e4tt. Dessutom levererar vi den direkt till den person som du vill hedra i Valencia, med st\u00f6rsta punktlighet och omsorg.<\/p>\n\n\n\n<h2 class=\"wp-block-heading\">Vad \u00e4r \u00abD\u00e9jate Sorprender\u00bb -bukett liten storlek?<\/h2>\n\n\n\n<p>Konceptet \u201cL\u00e5t dig \u00f6verraskas\u201d inneb\u00e4r just detta: att lita p\u00e5 v\u00e5rt professionella teams blomsterkreativitet. Varje bukett \u00e4r unik och best\u00e5r av f\u00e4rska s\u00e4songsblommor som v\u00e4ljs samma dag, vilket garanterar kvalitet, f\u00e4rskhet och estetisk harmoni.<\/p>\n\n\n\n<p>Den lilla storleken \u00e4r perfekt f\u00f6r:<\/p>\n\n\n\n<ul class=\"wp-block-list\">\n<li>En k\u00e4nslig men viktig detalj<\/li>\n\n\n\n<li>En elegant gest till kvinnliga kollegor<\/li>\n\n\n\n<li>En speciell present till mammor, systrar, v\u00e4nner eller partners<\/li>\n\n\n\n<li>\u00d6verraskning utan behov av ett formellt tillf\u00e4lle<\/li>\n<\/ul>\n\n\n\n<p>Det \u00e4r ett perfekt f\u00f6rslag f\u00f6r dem som uppskattar originalitet och sp\u00e4nningen i det ov\u00e4ntade.<\/p>\n\n\n\n<h2 class=\"wp-block-heading\">En meningsfull present till kvinnodagen<\/h2>\n\n\n\n<p>Kvinnodagen \u00e4r inte bara ett symboliskt datum, det \u00e4r ett tillf\u00e4lle att uttrycka beundran och tacksamhet. En blombukett f\u00f6rmedlar respekt, erk\u00e4nnande och tillgivenhet p\u00e5 ett universellt s\u00e4tt.<\/p>\n\n\n\n<p>Buketten \u00abD\u00e9jate Sorprender\u00bb Liten storlek kombinerar:<\/p>\n\n\n\n<ul class=\"wp-block-list\">\n<li>Konstn\u00e4rlig blomsterdesign<\/li>\n\n\n\n<li>F\u00e4rska blommor v\u00e4ljs ut dagligen<\/li>\n\n\n\n<li>Snygg och elegant presentation<\/li>\n\n\n\n<li>Direktleverans i Valencia<\/li>\n<\/ul>\n\n\n\n<p>Oavsett om du befinner dig i Colombia, USA, Tyskland, Nederl\u00e4nderna, Sverige, Danmark, Portugal eller n\u00e5got annat land i Europa eller Latinamerika, kan du enkelt skicka din g\u00e5va via v\u00e5r onlinebutik. V\u00e5r webbplats \u00e4r flerspr\u00e5kig och redo f\u00f6r internationella kunder som vill skicka blommor till Valencia med tillf\u00f6rsikt.<\/p>\n\n\n\n<h2 class=\"wp-block-heading\">Skicka blommor till Valencia fr\u00e5n utlandet<\/h2>\n\n\n\n<p>M\u00e5nga m\u00e4nniskor bor utanf\u00f6r Spanien men har personliga eller familjeband i Valencia. Fr\u00e5n Colombia eller n\u00e5got annat latinamerikanskt land \u00e4r det ett n\u00e4ra s\u00e4tt att vara n\u00e4rvarande p\u00e5 en s\u00e5dan viktig dag att skicka blommor.<\/p>\n\n\n\n<p>I Valencia g\u00f6r vi noggranna och punktliga leveranser. Buketten f\u00f6rbereds strax f\u00f6re leverans f\u00f6r att s\u00e4kerst\u00e4lla att den kommer fram i optimalt skick.<\/p>\n\n\n\n<p>V\u00e5r process \u00e4r enkel:<\/p>\n\n\n\n<ol class=\"wp-block-list\">\n<li>G\u00e5 till produktsidan<\/li>\n\n\n\n<li>Best\u00e4ll s\u00e4kert online<\/li>\n\n\n\n<li>Anger leveransadressen i Valencia<\/li>\n\n\n\n<li>Vi tar hand om resten<\/li>\n<\/ol>\n\n\n\n<p>Den person som tar emot buketten f\u00e5r en k\u00e4nslom\u00e4ssig och personlig upplevelse.<\/p>\n\n\n\n<h2 class=\"wp-block-heading\">Varf\u00f6r v\u00e4lja \u00abD\u00e9jate Sorprender\u00bb?<\/h2>\n\n\n\n<p>Att v\u00e4lja denna bransch har flera strategiska f\u00f6rdelar:<\/p>\n\n\n\n<ul class=\"wp-block-list\">\n<li>Den \u00e4r unik: varje sammans\u00e4ttning \u00e4r annorlunda<\/li>\n\n\n\n<li>Det \u00e4r fr\u00e4scht: vi arbetar med s\u00e4songsblommor<\/li>\n\n\n\n<li>Den \u00e4r praktisk: perfekt storlek f\u00f6r alla utrymmen<\/li>\n\n\n\n<li>Det \u00e4r minnesv\u00e4rt: wow-faktorn multiplicerar sp\u00e4nningen.<\/li>\n<\/ul>\n\n\n\n<p>Genom att f\u00f6rlita dig p\u00e5 kreativ design undviker du dessutom komplexa beslut och l\u00e5ter resultatet vara autentiskt och professionellt.<\/p>\n\n\n\n<h2 class=\"wp-block-heading\">Idealisk f\u00f6r internationella kunder<\/h2>\n\n\n\n<p>Om du bor i:<\/p>\n\n\n\n<ul class=\"wp-block-list\">\n<li>Colombia<\/li>\n\n\n\n<li>F\u00f6renta staterna<\/li>\n\n\n\n<li>Tyskland<\/li>\n\n\n\n<li>Nederl\u00e4nderna<\/li>\n\n\n\n<li>Sverige<\/li>\n\n\n\n<li>Danmark<\/li>\n\n\n\n<li>Portugal<\/li>\n\n\n\n<li>Alla l\u00e4nder i Latinamerika eller Europa<\/li>\n<\/ul>\n\n\n\n<p>Du kan k\u00f6pa online med total sinnesfrid. M\u00e5nga letar efter \u201cskicka blommor till Valencia fr\u00e5n Colombia\u201d eller \u201cblomleverans i Valencia Spanien\u201d och hittar i Sueca 13 en p\u00e5litlig, n\u00e4ra och professionell l\u00f6sning.<\/p>\n\n\n\n<p>V\u00e5rt team f\u00f6rst\u00e5r den k\u00e4nslom\u00e4ssiga betydelsen av varje internationell s\u00e4ndning och arbetar f\u00f6r att se till att avst\u00e5ndet inte \u00e4r ett hinder.<\/p>\n\n\n\n<h2 class=\"wp-block-heading\">Best\u00e4ll nu<\/h2>\n\n\n\n<p>Kvinnodagen \u00e4r ett datum med h\u00f6g efterfr\u00e5gan. F\u00f6r att s\u00e4kerst\u00e4lla tillg\u00e4nglighet och leverans i tid rekommenderar vi att du g\u00f6r din best\u00e4llning i f\u00f6rv\u00e4g.<\/p>\n\n\n\n<p>G\u00e5 direkt till produktsidan h\u00e4r:<\/p>\n\n\n\n<figure class=\"wp-block-embed is-type-wp-embed is-provider-florister-a-sueca-13 wp-block-embed-florister-a-sueca-13\"><div class=\"wp-block-embed__wrapper\">\n<blockquote class=\"wp-embedded-content\" data-secret=\"wMt0zuLQh1\"><a href=\"https:\/\/sueca13flores.com\/sv\/produkt\/lat-dig-overraskas-liten-storlek\/\">Blombukett \u201cD\u00e9jate Sorprender\u201d liten storlek<\/a><\/blockquote><iframe loading=\"lazy\" class=\"wp-embedded-content\" sandbox=\"allow-scripts\" security=\"restricted\" style=\"position: absolute; visibility: hidden;\" title=\"\u201cBlomsterbukett \u201cD\u00e9jate Sorprender\u201d Liten storlek\u201d - Florister\u00eda Sueca 13\" src=\"https:\/\/sueca13flores.com\/producto\/dejate-sorprender-tamano-pequeno\/embed\/#?secret=hYmcQEQFos#?secret=wMt0zuLQh1\" data-secret=\"wMt0zuLQh1\" width=\"600\" height=\"338\" frameborder=\"0\" marginwidth=\"0\" marginheight=\"0\" scrolling=\"no\"><\/iframe>\n<\/div><\/figure>\n\n\n\n<p>\u00d6verraska, sk\u00e4m bort och hylla den speciella kvinnan i Valencia med <strong>Blombukett \"D\u00e9jate Sorprender\" liten storlek<\/strong> p\u00e5 Sueca 13. Avst\u00e5nd f\u00f6rsvinner n\u00e4r en gest ber\u00f6r hj\u00e4rtat.<\/p>","protected":false},"excerpt":{"rendered":"<p>Internationella kvinnodagen, som firas den 8 mars varje \u00e5r, \u00e4r ett datum d\u00e5 vi uppm\u00e4rksammar styrkan, engagemanget och inspirationen hos kvinnorna i v\u00e5ra liv. Om du \u00e4r l\u00e5ngt borta fr\u00e5n Valencia men vill \u00f6verraska n\u00e5gon speciell i staden, \u00e4r \u00abD\u00e9jate Sorprender\u00bb Small Size Flower Bouquet fr\u00e5n Sueca 13 ... <a title=\"Blombukett \u00abD\u00e9jate Sorprender\u00bb Liten storlek: Den perfekta presenten f\u00f6r kvinnodagen i Valencia\" class=\"read-more\" href=\"https:\/\/sueca13flores.com\/sv\/blombukett-lat-dig-bli-overraskad-liten-storlek-den-perfekta-presenten-for-kvinnodagen-i-valencia\/\" aria-label=\"L\u00e4s mer om Blomsterbukett \u00abD\u00e9jate Sorprender\u00bb Liten Storlek: Den perfekta presenten f\u00f6r kvinnodagen i Valencia\">L\u00e4s mer<\/a><\/p>","protected":false},"author":3,"featured_media":3582,"comment_status":"closed","ping_status":"open","sticky":false,"template":"","format":"standard","meta":{"footnotes":""},"categories":[89],"tags":[],"class_list":["post-3581","post","type-post","status-publish","format-standard","has-post-thumbnail","hentry","category-blog"],"_links":{"self":[{"href":"https:\/\/sueca13flores.com\/sv\/wp-json\/wp\/v2\/posts\/3581","targetHints":{"allow":["GET"]}}],"collection":[{"href":"https:\/\/sueca13flores.com\/sv\/wp-json\/wp\/v2\/posts"}],"about":[{"href":"https:\/\/sueca13flores.com\/sv\/wp-json\/wp\/v2\/types\/post"}],"author":[{"embeddable":true,"href":"https:\/\/sueca13flores.com\/sv\/wp-json\/wp\/v2\/users\/3"}],"replies":[{"embeddable":true,"href":"https:\/\/sueca13flores.com\/sv\/wp-json\/wp\/v2\/comments?post=3581"}],"version-history":[{"count":1,"href":"https:\/\/sueca13flores.com\/sv\/wp-json\/wp\/v2\/posts\/3581\/revisions"}],"predecessor-version":[{"id":3583,"href":"https:\/\/sueca13flores.com\/sv\/wp-json\/wp\/v2\/posts\/3581\/revisions\/3583"}],"wp:featuredmedia":[{"embeddable":true,"href":"https:\/\/sueca13flores.com\/sv\/wp-json\/wp\/v2\/media\/3582"}],"wp:attachment":[{"href":"https:\/\/sueca13flores.com\/sv\/wp-json\/wp\/v2\/media?parent=3581"}],"wp:term":[{"taxonomy":"category","embeddable":true,"href":"https:\/\/sueca13flores.com\/sv\/wp-json\/wp\/v2\/categories?post=3581"},{"taxonomy":"post_tag","embeddable":true,"href":"https:\/\/sueca13flores.com\/sv\/wp-json\/wp\/v2\/tags?post=3581"}],"curies":[{"name":"wp","href":"https:\/\/api.w.org\/{rel}","templated":true}]}}