{"id":3590,"date":"2026-03-05T07:53:02","date_gmt":"2026-03-05T06:53:02","guid":{"rendered":"https:\/\/sueca13flores.com\/?p=3590"},"modified":"2026-03-05T07:53:04","modified_gmt":"2026-03-05T06:53:04","slug":"bukett-med-nejlikor-och-lisianthus-gloria-fuertes-en-speciell-gava-till-kvinnodagen-i-valencia","status":"publish","type":"post","link":"https:\/\/sueca13flores.com\/sv\/bukett-med-nejlikor-och-lisianthus-gloria-fuertes-en-speciell-gava-till-kvinnodagen-i-valencia\/","title":{"rendered":"Bukett med nejlikor och Lisianthus \u00abGloria Fuertes\u00bb: en speciell g\u00e5va till kvinnodagen i Valencia"},"content":{"rendered":"<p>Den <strong>Internationella kvinnodagen<\/strong> \u00e4r ett datum d\u00e5 vi uppm\u00e4rksammar, tackar och firar de kvinnor som \u00e4r en del av v\u00e5ra liv. Om du letar efter en elegant, k\u00e4nslosam och meningsfull detalj f\u00f6r att \u00f6verraska n\u00e5gon speciell i Valencia, s\u00e5 \u00e4r <strong>Bukett med nejlikor och Lisianthus \u00abGloria Fuertes\u00bb.\u00bb<\/strong> \u00e4r ett perfekt val.<\/p>\n\n\n\n<p>I blomsteraff\u00e4ren <strong>Sueca 13<\/strong>, ligger i Valencia, har vi designat den h\u00e4r buketten med f\u00e4rska och harmoniska blommor f\u00f6r att \u00f6verf\u00f6ra tillgivenhet, beundran och respekt vid ett s\u00e5 viktigt tillf\u00e4lle.<\/p>\n\n\n\n<p>Om du vill skicka blommor till Valencia fr\u00e5n var som helst i v\u00e4rlden kan du uppt\u00e4cka detta arrangemang h\u00e4r:<br><a href=\"https:\/\/sueca13flores.com\/sv\/produkt\/bukett-rosor-och-lisianthus-gloria-fuertes\/\">https:\/\/sueca13flores.com\/producto\/ramo-de-rosas-y-lisianthus-gloria-fuertes\/<\/a><\/p>\n\n\n\n<h2 class=\"wp-block-heading\">En elegant bukett inspirerad av k\u00e4nslighet och sk\u00f6nhet<\/h2>\n\n\n\n<p>Den <strong>Bukett med nejlikor och Lisianthus \u00abGloria Fuertes\u00bb.\u00bb<\/strong> Den delikata kombinationen av blommor f\u00f6rmedlar elegans och k\u00e4nslighet.<\/p>\n\n\n\n<p>Nejlikor \u00e4r blommor som \u00e4r djupt f\u00f6rknippade med Medelhavstraditionen och symboliserar beundran, tacksamhet och tillgivenhet. Lisianthus, \u00e5 andra sidan, ger en f\u00f6rfinad och romantisk touch tack vare sina mjuka kronblad och sitt sofistikerade utseende.<\/p>\n\n\n\n<p>Kombinationen av b\u00e5da blommorna skapar en balanserad, ljus och livlig bukett, perfekt f\u00f6r att uttrycka uppriktiga k\u00e4nslor p\u00e5 kvinnodagen.<\/p>\n\n\n\n<h2 class=\"wp-block-heading\">Den perfekta presenten till kvinnodagen<\/h2>\n\n\n\n<p>Kvinnodagen \u00e4r ett tillf\u00e4lle att p\u00e5minna mammor, partners, v\u00e4nner, systrar, kollegor eller l\u00e4rare om hur viktiga de \u00e4r.<\/p>\n\n\n\n<p>Att ge blommor p\u00e5 detta datum \u00e4r en gest som f\u00f6rmedlar erk\u00e4nnande och tillgivenhet p\u00e5 ett naturligt och elegant s\u00e4tt. Den <strong>Buketten \u00abGloria Fuertes\u00bb<\/strong> \u00e4r s\u00e4rskilt l\u00e4mplig f\u00f6r:<\/p>\n\n\n\n<ul class=\"wp-block-list\">\n<li>\u00d6verraska din mamma eller mormor<\/li>\n\n\n\n<li>Gratulera din partner eller make\/maka<\/li>\n\n\n\n<li>Tacka en speciell v\u00e4n<\/li>\n\n\n\n<li>Uppm\u00e4rksamma en kollega<\/li>\n\n\n\n<li>Skicka en meningsfull g\u00e5va till en familjemedlem<\/li>\n<\/ul>\n\n\n\n<p>Den h\u00e4r buketten g\u00f6r varje kvinnodags\u00f6gonblick till ett minnesv\u00e4rt s\u00e5dant.<\/p>\n\n\n\n<h2 class=\"wp-block-heading\">Skicka blommor till Valencia fr\u00e5n vilket land som helst<\/h2>\n\n\n\n<p>M\u00e5nga m\u00e4nniskor bor l\u00e5ngt fr\u00e5n Valencia men vill skicka en g\u00e5va till n\u00e5gon speciell som bor d\u00e4r. P\u00e5 <strong>Sueca 13<\/strong> Vi g\u00f6r det enkelt med v\u00e5r onlinebest\u00e4llningstj\u00e4nst.<\/p>\n\n\n\n<p>V\u00e5ra kunder best\u00e4ller fr\u00e5n m\u00e5nga l\u00e4nder, inklusive:<\/p>\n\n\n\n<ul class=\"wp-block-list\">\n<li>Colombia och andra l\u00e4nder i Latinamerika<\/li>\n\n\n\n<li>F\u00f6renta staterna<\/li>\n\n\n\n<li>Tyskland<\/li>\n\n\n\n<li>Nederl\u00e4nderna<\/li>\n\n\n\n<li>Sverige<\/li>\n\n\n\n<li>Danmark<\/li>\n\n\n\n<li>Portugal<\/li>\n\n\n\n<li>\u00d6vriga europeiska l\u00e4nder<\/li>\n<\/ul>\n\n\n\n<p>Om du har familj, v\u00e4nner eller en partner i Valencia kan du enkelt skicka blommor fr\u00e5n var som helst i v\u00e4rlden. V\u00e5rt team f\u00f6rbereder varje bukett med omsorg och levererar den direkt till mottagaren.<\/p>\n\n\n\n<h2 class=\"wp-block-heading\">Direktleverans i Valencia med f\u00e4rska blommor<\/h2>\n\n\n\n<p>N\u00e4r du l\u00e4gger din best\u00e4llning p\u00e5 <strong>Sueca 13<\/strong>, V\u00e5rt blomsterteam f\u00f6rbereder buketten med noggrant utvalda f\u00e4rska blommor.<\/p>\n\n\n\n<p>Vi levererar sedan direkt till Valencia s\u00e5 att den som tar emot g\u00e5van kan njuta av en nygjord bukett med all dess sk\u00f6nhet och doft.<\/p>\n\n\n\n<p>Den h\u00e4r tj\u00e4nsten \u00e4r perfekt om du vill \u00f6verraska n\u00e5gon \u00e4ven om du befinner dig i ett annat land eller en annan stad.<\/p>\n\n\n\n<h2 class=\"wp-block-heading\">En internationell blomsteraff\u00e4r i hj\u00e4rtat av Valencia<\/h2>\n\n\n\n<p>Vid <strong>Sueca 13<\/strong> Vi vet att m\u00e5nga av v\u00e5ra kunder bor utanf\u00f6r Spanien. Det \u00e4r d\u00e4rf\u00f6r v\u00e5r onlinebutik \u00e4r f\u00f6rberedd f\u00f6r att hantera best\u00e4llningar fr\u00e5n internationella kunder.<\/p>\n\n\n\n<p>M\u00e4nniskor som bor i Europa, USA eller Latinamerika anv\u00e4nder v\u00e5r tj\u00e4nst f\u00f6r att skicka blommor till familj, partner eller v\u00e4nner i Valencia.<\/p>\n\n\n\n<p>V\u00e5rt m\u00e5l \u00e4r att avst\u00e5ndet inte ska vara ett hinder f\u00f6r att g\u00f6ra en fin gest p\u00e5 en speciell dag.<\/p>\n\n\n\n<h2 class=\"wp-block-heading\">Hur man best\u00e4ller bunten \u00abGloria Fuertes\u00bb.\u00bb<\/h2>\n\n\n\n<p>Det \u00e4r mycket enkelt att best\u00e4lla. Bes\u00f6k bara produktsidan, v\u00e4lj buketten och slutf\u00f6r best\u00e4llningen online. V\u00e5rt team kommer att f\u00f6rbereda blomsterarrangemanget och leverera det till Valencia.<\/p>\n\n\n\n<p>Uppt\u00e4ck buketten och g\u00f6r din best\u00e4llning h\u00e4r:<\/p>\n\n\n\n<figure class=\"wp-block-embed is-type-wp-embed is-provider-florister-a-sueca-13 wp-block-embed-florister-a-sueca-13\"><div class=\"wp-block-embed__wrapper\">\n<blockquote class=\"wp-embedded-content\" data-secret=\"RqhTwy8Jtf\"><a href=\"https:\/\/sueca13flores.com\/sv\/produkt\/bukett-rosor-och-lisianthus-gloria-fuertes\/\">Bukett med nejlikor och Lisianthus \u201cGloria Fuertes\u201d.\u201d<\/a><\/blockquote><iframe loading=\"lazy\" class=\"wp-embedded-content\" sandbox=\"allow-scripts\" security=\"restricted\" style=\"position: absolute; visibility: hidden;\" title=\"\u201cGloria Fuertes\u201c bukett med nejlikor och Lisianthus - Florister\u00eda Sueca 13\" src=\"https:\/\/sueca13flores.com\/producto\/ramo-de-rosas-y-lisianthus-gloria-fuertes\/embed\/#?secret=0WYtindypX#?secret=RqhTwy8Jtf\" data-secret=\"RqhTwy8Jtf\" width=\"600\" height=\"338\" frameborder=\"0\" marginwidth=\"0\" marginheight=\"0\" scrolling=\"no\"><\/iframe>\n<\/div><\/figure>\n\n\n\n<p>Den <strong>Bukett med nejlikor och Lisianthus \u00abGloria Fuertes\u00bb.\u00bb<\/strong> \u00e4r ett elegant och r\u00f6rande s\u00e4tt att fira kvinnodagen. En enkel gest som kan f\u00f6rmedla beundran, tillgivenhet och tacksamhet till n\u00e5gon som f\u00f6rtj\u00e4nar att k\u00e4nna sig speciell.<\/p>","protected":false},"excerpt":{"rendered":"<p>Internationella kvinnodagen \u00e4r ett datum d\u00e5 vi uppm\u00e4rksammar, tackar och firar de kvinnor som \u00e4r en del av v\u00e5ra liv. Om du letar efter en elegant, k\u00e4nslosam och meningsfull g\u00e5va f\u00f6r att \u00f6verraska n\u00e5gon speciell i Valencia \u00e4r \u00abGloria Fuertes\u00bb nejlik- och Lisianthusbukett ett perfekt val. I blomsterhandlarens butik ... <a title=\"Bukett med nejlikor och Lisianthus \u00abGloria Fuertes\u00bb: en speciell g\u00e5va till kvinnodagen i Valencia\" class=\"read-more\" href=\"https:\/\/sueca13flores.com\/sv\/bukett-med-nejlikor-och-lisianthus-gloria-fuertes-en-speciell-gava-till-kvinnodagen-i-valencia\/\" aria-label=\"L\u00e4s mer om Bukett med nejlikor och Lisianthus \u00abGloria Fuertes\u00bb: en speciell g\u00e5va till kvinnodagen i Valencia\">L\u00e4s mer<\/a><\/p>","protected":false},"author":3,"featured_media":3592,"comment_status":"closed","ping_status":"open","sticky":false,"template":"","format":"standard","meta":{"footnotes":""},"categories":[89],"tags":[],"class_list":["post-3590","post","type-post","status-publish","format-standard","has-post-thumbnail","hentry","category-blog"],"_links":{"self":[{"href":"https:\/\/sueca13flores.com\/sv\/wp-json\/wp\/v2\/posts\/3590","targetHints":{"allow":["GET"]}}],"collection":[{"href":"https:\/\/sueca13flores.com\/sv\/wp-json\/wp\/v2\/posts"}],"about":[{"href":"https:\/\/sueca13flores.com\/sv\/wp-json\/wp\/v2\/types\/post"}],"author":[{"embeddable":true,"href":"https:\/\/sueca13flores.com\/sv\/wp-json\/wp\/v2\/users\/3"}],"replies":[{"embeddable":true,"href":"https:\/\/sueca13flores.com\/sv\/wp-json\/wp\/v2\/comments?post=3590"}],"version-history":[{"count":1,"href":"https:\/\/sueca13flores.com\/sv\/wp-json\/wp\/v2\/posts\/3590\/revisions"}],"predecessor-version":[{"id":3593,"href":"https:\/\/sueca13flores.com\/sv\/wp-json\/wp\/v2\/posts\/3590\/revisions\/3593"}],"wp:featuredmedia":[{"embeddable":true,"href":"https:\/\/sueca13flores.com\/sv\/wp-json\/wp\/v2\/media\/3592"}],"wp:attachment":[{"href":"https:\/\/sueca13flores.com\/sv\/wp-json\/wp\/v2\/media?parent=3590"}],"wp:term":[{"taxonomy":"category","embeddable":true,"href":"https:\/\/sueca13flores.com\/sv\/wp-json\/wp\/v2\/categories?post=3590"},{"taxonomy":"post_tag","embeddable":true,"href":"https:\/\/sueca13flores.com\/sv\/wp-json\/wp\/v2\/tags?post=3590"}],"curies":[{"name":"wp","href":"https:\/\/api.w.org\/{rel}","templated":true}]}}