{"id":3625,"date":"2026-03-10T09:10:46","date_gmt":"2026-03-10T08:10:46","guid":{"rendered":"https:\/\/sueca13flores.com\/?p=3625"},"modified":"2026-03-10T09:10:52","modified_gmt":"2026-03-10T08:10:52","slug":"hjarta-i-rosa-den-perfekta-presenten-for-att-fira-kvinnodagen-i-valencia","status":"publish","type":"post","link":"https:\/\/sueca13flores.com\/sv\/hjarta-i-rosa-den-perfekta-presenten-for-att-fira-kvinnodagen-i-valencia\/","title":{"rendered":"Heart in Pink: den perfekta presenten f\u00f6r att fira kvinnodagen i Valencia"},"content":{"rendered":"<p>Den <strong>Internationella kvinnodagen<\/strong> \u00e4r ett speciellt tillf\u00e4lle att uppm\u00e4rksamma, tacka och fira kvinnorna i v\u00e5ra liv. Oavsett om det \u00e4r din mamma, partner, syster, v\u00e4n eller partner kan en meningsfull g\u00e5va uttrycka det som ord ibland inte kan f\u00f6rmedla.<\/p>\n\n\n\n<p>Den <strong>Hj\u00e4rta i rosa<\/strong>, finns i v\u00e5r floristbutik <strong>Sueca 13<\/strong> i Valencia, \u00e4r en elegant och k\u00e4nslosam blomsterkomposition som \u00e4r utformad f\u00f6r att \u00f6verraska. Om du \u00e4r l\u00e5ngt borta fr\u00e5n Valencia - i Colombia, USA, Tyskland, Nederl\u00e4nderna eller n\u00e5got annat land - kan du skicka detta vackra arrangemang direkt till den person du vill hedra.<\/p>\n\n\n\n<h2 class=\"wp-block-heading\">Ett hj\u00e4rtformat blomsterarrangemang fullt av mening<\/h2>\n\n\n\n<p>Den <strong>Hj\u00e4rta i rosa<\/strong> \u00e4r mycket mer \u00e4n en bukett blommor. Dess hj\u00e4rtformade design symboliserar tillgivenhet, tacksamhet och beundran. De rosa tonerna framkallar s\u00f6tma, k\u00e4nslighet och uppskattning, vilket g\u00f6r det till ett perfekt val f\u00f6r kvinnodagen.<\/p>\n\n\n\n<p>Den h\u00e4r typen av blomsterkomposition \u00e4r perfekt f\u00f6r att f\u00f6rmedla djupa k\u00e4nslor med elegans. Det \u00e4r en g\u00e5va som sticker ut genom sin visuella n\u00e4rvaro och delikatessen hos de noggrant utvalda blommorna.<\/p>\n\n\n\n<p>Bland anledningarna till att detta arrangemang \u00e4r s\u00e5 speciellt finns f\u00f6ljande:<\/p>\n\n\n\n<ul class=\"wp-block-list\">\n<li>Dess ursprungliga hj\u00e4rtformade design<\/li>\n\n\n\n<li>F\u00e4rska blommor utvalda av professionella florister<\/li>\n\n\n\n<li>En sofistikerad och minnesv\u00e4rd presentation<\/li>\n\n\n\n<li>En idealisk g\u00e5va f\u00f6r viktiga tillf\u00e4llen som kvinnodagen.<\/li>\n<\/ul>\n\n\n\n<p>Varje detalj \u00e4r utformad f\u00f6r att mottagaren ska k\u00e4nna att det h\u00e4r \u00e4r en verkligt speciell g\u00e5va.<\/p>\n\n\n\n<h2 class=\"wp-block-heading\">Skicka blommor till Valencia fr\u00e5n var som helst i v\u00e4rlden<\/h2>\n\n\n\n<p>M\u00e5nga m\u00e4nniskor har n\u00e4ra och k\u00e4ra som bor i Valencia medan de sj\u00e4lva befinner sig i andra l\u00e4nder. P\u00e5 Sueca 13 g\u00f6r vi det m\u00f6jligt f\u00f6r dem att fira viktiga stunder utan att avst\u00e5ndet blir ett hinder.<\/p>\n\n\n\n<p>Om du bor i:<\/p>\n\n\n\n<ul class=\"wp-block-list\">\n<li>Colombia eller n\u00e5got annat latinamerikanskt land<\/li>\n\n\n\n<li>F\u00f6renta staterna eller Kanada<\/li>\n\n\n\n<li>Tyskland, Nederl\u00e4nderna, Sverige eller Danmark<\/li>\n\n\n\n<li>Portugal eller andra europeiska l\u00e4nder<\/li>\n<\/ul>\n\n\n\n<p>kan du enkelt skicka blommor till Valencia och \u00f6verraska n\u00e5gon speciell.<\/p>\n\n\n\n<p>Tack vare v\u00e5r onlinebutik beh\u00f6ver du bara v\u00e4lja arrangemang, ange leveransadressen i Valencia s\u00e5 tar vi hand om leveransen. <strong>Hj\u00e4rta i rosa<\/strong> anl\u00e4nder fr\u00e4sch och i perfekt skick.<\/p>\n\n\n\n<h2 class=\"wp-block-heading\">En idealisk g\u00e5va till extraordin\u00e4ra kvinnor<\/h2>\n\n\n\n<p>Kvinnodagen \u00e4r den perfekta tidpunkten att uppm\u00e4rksamma den styrka, talang och inspiration som s\u00e5 m\u00e5nga kvinnor tillf\u00f6r v\u00e4rlden. Ett blomsterarrangemang som det <strong>Hj\u00e4rta i rosa<\/strong> f\u00f6rmedlar respekt, beundran och tillgivenhet p\u00e5 ett elegant och universellt s\u00e4tt.<\/p>\n\n\n\n<p>Denna g\u00e5va \u00e4r perfekt f\u00f6r:<\/p>\n\n\n\n<ul class=\"wp-block-list\">\n<li>\u00d6verraska din mamma med en g\u00e5va full av k\u00e4rlek<\/li>\n\n\n\n<li>Tacka din partner f\u00f6r allt han eller hon betyder f\u00f6r dig.<\/li>\n\n\n\n<li>Hedra en v\u00e4n som alltid finns vid din sida<\/li>\n\n\n\n<li>Skicka en gest av uppskattning till en kollega eller familjemedlem<\/li>\n<\/ul>\n\n\n\n<p>Att ta emot blommor v\u00e4cker alltid en speciell k\u00e4nsla, och \u00e4nnu mer n\u00e4r de kommer fr\u00e5n n\u00e5gon som \u00e4r l\u00e5ngt borta men som har t\u00e4nkt p\u00e5 varje detalj.<\/p>\n\n\n\n<h2 class=\"wp-block-heading\">Blommor leverans i Valencia<\/h2>\n\n\n\n<p>V\u00e5rt team av florister f\u00f6rbereder varje best\u00e4llning med omsorg och uppm\u00e4rksamhet s\u00e5 att upplevelsen blir perfekt f\u00f6r b\u00e5de avs\u00e4ndare och mottagare.<\/p>\n\n\n\n<p>Den <strong>Hj\u00e4rta i rosa<\/strong> levereras direkt till den angivna adressen i Valencia, vilket g\u00f6r leverans\u00f6gonblicket till en of\u00f6rgl\u00f6mlig \u00f6verraskning.<\/p>\n\n\n\n<p>Dessutom \u00e4r v\u00e5r onlinebutik utformad f\u00f6r att tillgodose internationella kunder, med en enkel upplevelse f\u00f6r dem som vill skicka blommor fr\u00e5n var som helst i v\u00e4rlden.<\/p>\n\n\n\n<h2 class=\"wp-block-heading\">\u00d6verraska idag med Hj\u00e4rta i rosa<\/h2>\n\n\n\n<p>Om du vill ge bort en riktigt speciell g\u00e5va p\u00e5 kvinnodagen \u00e4r <strong>Hj\u00e4rta i rosa<\/strong> \u00e4r ett elegant, r\u00f6rande och minnesv\u00e4rt val. Det \u00e4r det perfekta s\u00e4ttet att s\u00e4ga \u201ctack\u201d, \u201cjag beundrar dig\u201d eller \u201cjag t\u00e4nker p\u00e5 dig\u201d.<\/p>\n\n\n\n<p>Du kan se alla detaljer om arrangemanget och g\u00f6ra din best\u00e4llning direkt h\u00e4r:<\/p>\n\n\n\n<figure class=\"wp-block-embed is-type-wp-embed is-provider-florister-a-sueca-13 wp-block-embed-florister-a-sueca-13\"><div class=\"wp-block-embed__wrapper\">\n<blockquote class=\"wp-embedded-content\" data-secret=\"bG4bc7y2mu\"><a href=\"https:\/\/sueca13flores.com\/sv\/produkt\/rosa-huckle-av-blommor\/\">Hj\u00e4rta i rosa<\/a><\/blockquote><iframe loading=\"lazy\" class=\"wp-embedded-content\" sandbox=\"allow-scripts\" security=\"restricted\" style=\"position: absolute; visibility: hidden;\" title=\"\u201cHj\u00e4rta i rosa\u201d - Florister\u00eda Sueca 13\" src=\"https:\/\/sueca13flores.com\/producto\/pink-corazonada-de-flores\/embed\/#?secret=5R8xNLKCos#?secret=bG4bc7y2mu\" data-secret=\"bG4bc7y2mu\" width=\"600\" height=\"338\" frameborder=\"0\" marginwidth=\"0\" marginheight=\"0\" scrolling=\"no\"><\/iframe>\n<\/div><\/figure>\n\n\n\n<p>Ge n\u00e5gon speciell i Valencia en of\u00f6rgl\u00f6mlig \u00f6verraskning med f\u00e4rska blommor, en hj\u00e4rtformad design och ett k\u00e4rleksfullt meddelande p\u00e5 Internationella kvinnodagen.<\/p>","protected":false},"excerpt":{"rendered":"<p>Internationella kvinnodagen \u00e4r ett s\u00e4rskilt tillf\u00e4lle att uppm\u00e4rksamma, tacka och fira kvinnorna i v\u00e5ra liv. Oavsett om det \u00e4r din mamma, partner, syster, v\u00e4n eller partner kan en meningsfull g\u00e5va uttrycka det som ord ibland inte kan f\u00f6rmedla. Hj\u00e4rtat i rosa, tillg\u00e4nglig i ... <a title=\"Heart in Pink: den perfekta presenten f\u00f6r att fira kvinnodagen i Valencia\" class=\"read-more\" href=\"https:\/\/sueca13flores.com\/sv\/hjarta-i-rosa-den-perfekta-presenten-for-att-fira-kvinnodagen-i-valencia\/\" aria-label=\"L\u00e4s mer om Coraz\u00f3n en Rosa: den perfekta presenten f\u00f6r att fira kvinnodagen i Valencia\">L\u00e4s mer<\/a><\/p>","protected":false},"author":3,"featured_media":3626,"comment_status":"closed","ping_status":"open","sticky":false,"template":"","format":"standard","meta":{"footnotes":""},"categories":[89],"tags":[],"class_list":["post-3625","post","type-post","status-publish","format-standard","has-post-thumbnail","hentry","category-blog"],"_links":{"self":[{"href":"https:\/\/sueca13flores.com\/sv\/wp-json\/wp\/v2\/posts\/3625","targetHints":{"allow":["GET"]}}],"collection":[{"href":"https:\/\/sueca13flores.com\/sv\/wp-json\/wp\/v2\/posts"}],"about":[{"href":"https:\/\/sueca13flores.com\/sv\/wp-json\/wp\/v2\/types\/post"}],"author":[{"embeddable":true,"href":"https:\/\/sueca13flores.com\/sv\/wp-json\/wp\/v2\/users\/3"}],"replies":[{"embeddable":true,"href":"https:\/\/sueca13flores.com\/sv\/wp-json\/wp\/v2\/comments?post=3625"}],"version-history":[{"count":1,"href":"https:\/\/sueca13flores.com\/sv\/wp-json\/wp\/v2\/posts\/3625\/revisions"}],"predecessor-version":[{"id":3627,"href":"https:\/\/sueca13flores.com\/sv\/wp-json\/wp\/v2\/posts\/3625\/revisions\/3627"}],"wp:featuredmedia":[{"embeddable":true,"href":"https:\/\/sueca13flores.com\/sv\/wp-json\/wp\/v2\/media\/3626"}],"wp:attachment":[{"href":"https:\/\/sueca13flores.com\/sv\/wp-json\/wp\/v2\/media?parent=3625"}],"wp:term":[{"taxonomy":"category","embeddable":true,"href":"https:\/\/sueca13flores.com\/sv\/wp-json\/wp\/v2\/categories?post=3625"},{"taxonomy":"post_tag","embeddable":true,"href":"https:\/\/sueca13flores.com\/sv\/wp-json\/wp\/v2\/tags?post=3625"}],"curies":[{"name":"wp","href":"https:\/\/api.w.org\/{rel}","templated":true}]}}