{"id":3707,"date":"2026-04-15T20:06:43","date_gmt":"2026-04-15T18:06:43","guid":{"rendered":"https:\/\/sueca13flores.com\/?p=3707"},"modified":"2026-04-15T20:06:47","modified_gmt":"2026-04-15T18:06:47","slug":"tre-rosor-bukett-for-sant-jordi-i-valencia-den-perfekta-detaljen-som-korsar-granser","status":"publish","type":"post","link":"https:\/\/sueca13flores.com\/sv\/tre-rosor-bukett-for-sant-jordi-i-valencia-den-perfekta-detaljen-som-korsar-granser\/","title":{"rendered":"Bukett med tre rosor till Sant Jordi i Valencia: den perfekta detaljen som \u00f6verskrider gr\u00e4nser"},"content":{"rendered":"<p class=\"wp-block-paragraph\">Den <strong>Tre rosor bukett<\/strong> \u00e4r ett elegant, enkelt och djupt symboliskt s\u00e4tt att fira Sant Jordi i Valencia. Tre noggrant utvalda rosor som f\u00f6rmedlar k\u00e4rlek, kultur och tradition, perfekt f\u00f6r att \u00f6verraska n\u00e5gon speciell \u00e4ven om du befinner dig tusentals kilometer bort.<\/p>\n\n\n\n<p class=\"wp-block-paragraph\">P\u00e5 Sueca 13, din online blomsterhandlare i Valencia, g\u00f6r vi det enkelt f\u00f6r dig att skicka blommor med direkt leverans till hemmet, vilket g\u00f6r alla avst\u00e5nd till en n\u00e4ra och minnesv\u00e4rd gest.<\/p>\n\n\n\n<h2 class=\"wp-block-heading\">Betydelsen av att ge tre rosor p\u00e5 Sant Jordi-dagen<\/h2>\n\n\n\n<p class=\"wp-block-paragraph\">Sant Jordi \u00e4r en av de vackraste h\u00f6gtiderna i kalendern, d\u00e4r rosor och b\u00f6cker st\u00e5r i centrum. Att sk\u00e4nka rosor \u00e4r en tradition som symboliserar k\u00e4rlek, respekt och beundran.<\/p>\n\n\n\n<p class=\"wp-block-paragraph\">Three Roses Bouquet tillf\u00f6r en speciell nyans:<\/p>\n\n\n\n<ul class=\"wp-block-list\">\n<li>Representerar balans och harmoni<\/li>\n\n\n\n<li>F\u00f6rst\u00e4rker budskapet om uppriktig tillgivenhet<\/li>\n\n\n\n<li>Det \u00e4r en elegant detalj utan att vara \u00f6verdriven<\/li>\n<\/ul>\n\n\n\n<p class=\"wp-block-paragraph\">Perfekt f\u00f6r par, familj eller v\u00e4nner som vill \u00f6verraska i Valencia under detta speciella datum.<\/p>\n\n\n\n<h2 class=\"wp-block-heading\">Skicka blommor till Valencia fr\u00e5n var som helst i v\u00e4rlden<\/h2>\n\n\n\n<p class=\"wp-block-paragraph\">En av de stora f\u00f6rdelarna med Sueca 13 \u00e4r att du kan best\u00e4lla fr\u00e5n n\u00e4stan vilket land som helst. Om du har en speciell person i Valencia kan du skicka den h\u00e4r buketten till dem utan kr\u00e5ngel:<\/p>\n\n\n\n<ul class=\"wp-block-list\">\n<li>Colombia och Latinamerika<\/li>\n\n\n\n<li>F\u00f6renta staterna<\/li>\n\n\n\n<li>Tyskland, Nederl\u00e4nderna, Sverige, Danmark och andra europeiska l\u00e4nder<\/li>\n\n\n\n<li>Portugal och Spanien i allm\u00e4nhet<\/li>\n<\/ul>\n\n\n\n<p class=\"wp-block-paragraph\">Oavsett var du befinner dig ser vi till att din g\u00e5va kommer fram i tid, f\u00e4rsk och oklanderligt presenterad.<\/p>\n\n\n\n<h2 class=\"wp-block-heading\">En perfekt g\u00e5va att \u00f6verraska med p\u00e5 avst\u00e5nd<\/h2>\n\n\n\n<p class=\"wp-block-paragraph\">Vi vet att de viktigaste personerna ofta befinner sig l\u00e5ngt borta. Den h\u00e4r buketten \u00e4r perfekt om du vill:<\/p>\n\n\n\n<ul class=\"wp-block-list\">\n<li>Sant Jordi-firande fr\u00e5n utlandet<\/li>\n\n\n\n<li>Skicka en romantisk g\u00e5va utan komplikationer<\/li>\n\n\n\n<li>G\u00f6r en meningsfull gest till n\u00e5gon som bor i Valencia<\/li>\n\n\n\n<li>\u00d6verraska med en autentisk och kulturell present<\/li>\n<\/ul>\n\n\n\n<p class=\"wp-block-paragraph\">Och eftersom den \u00e4r kompakt och elegant passar den perfekt i alla milj\u00f6er: hemma, p\u00e5 kontoret eller som en ov\u00e4ntad \u00f6verraskning.<\/p>\n\n\n\n<h2 class=\"wp-block-heading\">Enkel, snabb och s\u00e4ker online-shopping<\/h2>\n\n\n\n<p class=\"wp-block-paragraph\">P\u00e5 Sueca 13 har vi utformat en shoppingupplevelse f\u00f6r internationella kunder:<\/p>\n\n\n\n<ul class=\"wp-block-list\">\n<li>Flerspr\u00e5kig webbplats<\/li>\n\n\n\n<li>Intuitiv ink\u00f6psprocess<\/li>\n\n\n\n<li>S\u00e4ker betalning fr\u00e5n alla l\u00e4nder<\/li>\n\n\n\n<li>Lokal leverans i Valencia<\/li>\n<\/ul>\n\n\n\n<p class=\"wp-block-paragraph\">Allt du beh\u00f6ver g\u00f6ra \u00e4r att v\u00e4lja produkt och ange dina leveransuppgifter, s\u00e5 sk\u00f6ter vi resten.<\/p>\n\n\n\n<h2 class=\"wp-block-heading\">Best\u00e4ll nu<\/h2>\n\n\n\n<p class=\"wp-block-paragraph\">Om du letar efter en g\u00e5va med mening, tradition och elegans \u00e4r Tres Roses-buketten det r\u00e4tta valet f\u00f6r Sant Jordi.<\/p>\n\n\n\n<p class=\"wp-block-paragraph\">Klicka h\u00e4r f\u00f6r att se alla detaljer och g\u00f6ra ditt k\u00f6p:<\/p>\n\n\n\n<figure class=\"wp-block-embed is-type-wp-embed is-provider-florister-a-sueca-13 wp-block-embed-florister-a-sueca-13\"><div class=\"wp-block-embed__wrapper\">\n<blockquote class=\"wp-embedded-content\" data-secret=\"qTZAkavWfY\"><a href=\"https:\/\/sueca13flores.com\/sv\/produkt\/bukett-med-tre-rosor\/\">Tre rosor bukett<\/a><\/blockquote><iframe loading=\"lazy\" class=\"wp-embedded-content\" sandbox=\"allow-scripts\" security=\"restricted\" style=\"position: absolute; visibility: hidden;\" title=\"\u201cBukett med tre rosor\u201d - Florister\u00eda Sueca 13\" src=\"https:\/\/sueca13flores.com\/producto\/ramillete-tres-roses\/embed\/#?secret=EhIyJDzCqv#?secret=qTZAkavWfY\" data-secret=\"qTZAkavWfY\" width=\"600\" height=\"338\" frameborder=\"0\" marginwidth=\"0\" marginheight=\"0\" scrolling=\"no\"><\/iframe>\n<\/div><\/figure>\n\n\n\n<p class=\"wp-block-paragraph\">F\u00f6rvandla avst\u00e5nd till en of\u00f6rgl\u00f6mlig gest och l\u00e5t Sant Jordi n\u00e5 den d\u00e4r speciella personen i Valencia.<\/p>","protected":false},"excerpt":{"rendered":"<p>Tres Roses-buketten \u00e4r ett elegant, enkelt och djupt symboliskt s\u00e4tt att fira Sant Jordi i Valencia. Tre noggrant utvalda rosor som f\u00f6rmedlar k\u00e4rlek, kultur och tradition, perfekt f\u00f6r att \u00f6verraska n\u00e5gon speciell \u00e4ven om du befinner dig tusentals kilometer bort. P\u00e5 Sueca 13, din onlineflorist i Valencia, g\u00f6r vi det enkelt f\u00f6r dig att ... <a title=\"Bukett med tre rosor till Sant Jordi i Valencia: den perfekta detaljen som \u00f6verskrider gr\u00e4nser\" class=\"read-more\" href=\"https:\/\/sueca13flores.com\/sv\/tre-rosor-bukett-for-sant-jordi-i-valencia-den-perfekta-detaljen-som-korsar-granser\/\" aria-label=\"L\u00e4s mer om Ramillete Tres Roses para Sant Jordi en Valencia: el detalle perfecto que cruza fronteras\">L\u00e4s mer<\/a><\/p>","protected":false},"author":3,"featured_media":3708,"comment_status":"closed","ping_status":"open","sticky":false,"template":"","format":"standard","meta":{"footnotes":""},"categories":[89],"tags":[],"class_list":["post-3707","post","type-post","status-publish","format-standard","has-post-thumbnail","hentry","category-blog"],"_links":{"self":[{"href":"https:\/\/sueca13flores.com\/sv\/wp-json\/wp\/v2\/posts\/3707","targetHints":{"allow":["GET"]}}],"collection":[{"href":"https:\/\/sueca13flores.com\/sv\/wp-json\/wp\/v2\/posts"}],"about":[{"href":"https:\/\/sueca13flores.com\/sv\/wp-json\/wp\/v2\/types\/post"}],"author":[{"embeddable":true,"href":"https:\/\/sueca13flores.com\/sv\/wp-json\/wp\/v2\/users\/3"}],"replies":[{"embeddable":true,"href":"https:\/\/sueca13flores.com\/sv\/wp-json\/wp\/v2\/comments?post=3707"}],"version-history":[{"count":1,"href":"https:\/\/sueca13flores.com\/sv\/wp-json\/wp\/v2\/posts\/3707\/revisions"}],"predecessor-version":[{"id":3709,"href":"https:\/\/sueca13flores.com\/sv\/wp-json\/wp\/v2\/posts\/3707\/revisions\/3709"}],"wp:featuredmedia":[{"embeddable":true,"href":"https:\/\/sueca13flores.com\/sv\/wp-json\/wp\/v2\/media\/3708"}],"wp:attachment":[{"href":"https:\/\/sueca13flores.com\/sv\/wp-json\/wp\/v2\/media?parent=3707"}],"wp:term":[{"taxonomy":"category","embeddable":true,"href":"https:\/\/sueca13flores.com\/sv\/wp-json\/wp\/v2\/categories?post=3707"},{"taxonomy":"post_tag","embeddable":true,"href":"https:\/\/sueca13flores.com\/sv\/wp-json\/wp\/v2\/tags?post=3707"}],"curies":[{"name":"wp","href":"https:\/\/api.w.org\/{rel}","templated":true}]}}